{"id":9217,"date":"2020-12-11T14:39:46","date_gmt":"2020-12-11T13:39:46","guid":{"rendered":"http:\/\/spbuk.pl\/?p=9217"},"modified":"2025-10-30T21:00:40","modified_gmt":"2025-10-30T20:00:40","slug":"rozstrzygniecie-konkursu-na-plakat-kampanii-19-dni-przeciwko-przemocy","status":"publish","type":"post","link":"https:\/\/spbuk.pl\/?p=9217","title":{"rendered":"Rozstrzygni\u0119cie konkursu na plakat kampanii 19 dni przeciwko przemocy"},"content":{"rendered":"<p>Dzi\u0119kujemy za wszystkie prace, kt\u00f3re przys\u0142ali\u015bcie na <strong>konkurs na plakat kampanii 19 dni przeciwko przemocy<\/strong> <img loading=\"lazy\" decoding=\"async\" src=\"https:\/\/static.xx.fbcdn.net\/images\/emoji.php\/v9\/t4c\/1\/16\/1f642.png\" alt=\"\ud83d\ude42\" width=\"16\" height=\"16\"> Dzi\u0119kujemy za to, \u017ce po\u015bwi\u0119cili\u015bcie czas i energi\u0119, \u017ceby pokaza\u0107 sw\u00f3j sprzeciw. Zwyci\u0119skie prace zosta\u0142y wykonane przez <strong>Pol\u0119 Zimn\u0105<\/strong> z 1a i <strong>Karolin\u0119 Ga\u0142\u0105zk\u0119<\/strong> z 7a <img loading=\"lazy\" decoding=\"async\" src=\"https:\/\/static.xx.fbcdn.net\/images\/emoji.php\/v9\/t6c\/1\/16\/1f4aa.png\" alt=\"\ud83d\udcaa\" width=\"16\" height=\"16\">. Wyr\u00f3\u017cnione prace w konkursie wykonali: <strong>Jakub Ga\u0142\u0105zka<\/strong> 1d, <strong>Wiktor Miko\u0142ajczak<\/strong> 1d, <strong>Filip Lechniak<\/strong> 1c, <strong>Zuzanna Zimna<\/strong> 5a, <strong>Natalia Marosz<\/strong> 8c.<br \/>\n&nbsp;<br \/>\nNagrody wr\u0119czymy po powrocie do szko\u0142y. <strong>Gratulujemy<\/strong> <img loading=\"lazy\" decoding=\"async\" src=\"https:\/\/static.xx.fbcdn.net\/images\/emoji.php\/v9\/t71\/1\/16\/1f339.png\" alt=\"\ud83c\udf39\" width=\"16\" height=\"16\"><\/p>\n<!-- default-view.php -->\n<div\n\tclass=\"ngg-galleryoverview default-view \"\n\tid=\"ngg-gallery-94ca2a16968a8b5736052b7b070ba21a-1\">\n\n\t\t<!-- Thumbnails -->\n\t\t\t\t<div id=\"ngg-image-0\" class=\"ngg-gallery-thumbnail-box \" >\n\t\t\t\t        <div class=\"ngg-gallery-thumbnail\">\n            <a href=\"https:\/\/spbuk.pl\/wp-content\/gallery\/rozstrzygniecie-konkursu-na-plakat-kampanii-19-dni-przeciwko-przemocy_2020\/130394672_201146531568499_3746716413534545261_n.jpg\"\n               title=\"\"\n               data-src=\"https:\/\/spbuk.pl\/wp-content\/gallery\/rozstrzygniecie-konkursu-na-plakat-kampanii-19-dni-przeciwko-przemocy_2020\/130394672_201146531568499_3746716413534545261_n.jpg\"\n               data-thumbnail=\"https:\/\/spbuk.pl\/wp-content\/gallery\/rozstrzygniecie-konkursu-na-plakat-kampanii-19-dni-przeciwko-przemocy_2020\/thumbs\/thumbs_130394672_201146531568499_3746716413534545261_n.jpg\"\n               data-image-id=\"11639\"\n               data-title=\"130394672_201146531568499_3746716413534545261_n\"\n               data-description=\"\"\n               data-image-slug=\"130394672_201146531568499_3746716413534545261_n\"\n               class=\"ngg-simplelightbox\" rel=\"94ca2a16968a8b5736052b7b070ba21a\">\n                <img\n                    title=\"130394672_201146531568499_3746716413534545261_n\"\n                    alt=\"130394672_201146531568499_3746716413534545261_n\"\n                    src=\"https:\/\/spbuk.pl\/wp-content\/gallery\/rozstrzygniecie-konkursu-na-plakat-kampanii-19-dni-przeciwko-przemocy_2020\/thumbs\/thumbs_130394672_201146531568499_3746716413534545261_n.jpg\"\n                    width=\"240\"\n                    height=\"160\"\n                    style=\"max-width:100%;\"\n                \/>\n            <\/a>\n        <\/div>\n\t\t\t\t\t\t\t<\/div> \n\t\t\t\n\t\t\t\t<div id=\"ngg-image-1\" class=\"ngg-gallery-thumbnail-box \" >\n\t\t\t\t        <div class=\"ngg-gallery-thumbnail\">\n            <a href=\"https:\/\/spbuk.pl\/wp-content\/gallery\/rozstrzygniecie-konkursu-na-plakat-kampanii-19-dni-przeciwko-przemocy_2020\/130452753_201146571568495_5494887477610639137_n.jpg\"\n               title=\"\"\n               data-src=\"https:\/\/spbuk.pl\/wp-content\/gallery\/rozstrzygniecie-konkursu-na-plakat-kampanii-19-dni-przeciwko-przemocy_2020\/130452753_201146571568495_5494887477610639137_n.jpg\"\n               data-thumbnail=\"https:\/\/spbuk.pl\/wp-content\/gallery\/rozstrzygniecie-konkursu-na-plakat-kampanii-19-dni-przeciwko-przemocy_2020\/thumbs\/thumbs_130452753_201146571568495_5494887477610639137_n.jpg\"\n               data-image-id=\"11640\"\n               data-title=\"130452753_201146571568495_5494887477610639137_n\"\n               data-description=\"\"\n               data-image-slug=\"130452753_201146571568495_5494887477610639137_n\"\n               class=\"ngg-simplelightbox\" rel=\"94ca2a16968a8b5736052b7b070ba21a\">\n                <img\n                    title=\"130452753_201146571568495_5494887477610639137_n\"\n                    alt=\"130452753_201146571568495_5494887477610639137_n\"\n                    src=\"https:\/\/spbuk.pl\/wp-content\/gallery\/rozstrzygniecie-konkursu-na-plakat-kampanii-19-dni-przeciwko-przemocy_2020\/thumbs\/thumbs_130452753_201146571568495_5494887477610639137_n.jpg\"\n                    width=\"240\"\n                    height=\"160\"\n                    style=\"max-width:100%;\"\n                \/>\n            <\/a>\n        <\/div>\n\t\t\t\t\t\t\t<\/div> \n\t\t\t\n\t\t\t\t<div id=\"ngg-image-2\" class=\"ngg-gallery-thumbnail-box \" >\n\t\t\t\t        <div class=\"ngg-gallery-thumbnail\">\n            <a href=\"https:\/\/spbuk.pl\/wp-content\/gallery\/rozstrzygniecie-konkursu-na-plakat-kampanii-19-dni-przeciwko-przemocy_2020\/130548167_201146694901816_1071748867296796138_n-300x217-1.jpg\"\n               title=\"\"\n               data-src=\"https:\/\/spbuk.pl\/wp-content\/gallery\/rozstrzygniecie-konkursu-na-plakat-kampanii-19-dni-przeciwko-przemocy_2020\/130548167_201146694901816_1071748867296796138_n-300x217-1.jpg\"\n               data-thumbnail=\"https:\/\/spbuk.pl\/wp-content\/gallery\/rozstrzygniecie-konkursu-na-plakat-kampanii-19-dni-przeciwko-przemocy_2020\/thumbs\/thumbs_130548167_201146694901816_1071748867296796138_n-300x217-1.jpg\"\n               data-image-id=\"11641\"\n               data-title=\"130548167_201146694901816_1071748867296796138_n-300x217-1\"\n               data-description=\"\"\n               data-image-slug=\"130548167_201146694901816_1071748867296796138_n-300x217-1\"\n               class=\"ngg-simplelightbox\" rel=\"94ca2a16968a8b5736052b7b070ba21a\">\n                <img\n                    title=\"130548167_201146694901816_1071748867296796138_n-300x217-1\"\n                    alt=\"130548167_201146694901816_1071748867296796138_n-300x217-1\"\n                    src=\"https:\/\/spbuk.pl\/wp-content\/gallery\/rozstrzygniecie-konkursu-na-plakat-kampanii-19-dni-przeciwko-przemocy_2020\/thumbs\/thumbs_130548167_201146694901816_1071748867296796138_n-300x217-1.jpg\"\n                    width=\"240\"\n                    height=\"160\"\n                    style=\"max-width:100%;\"\n                \/>\n            <\/a>\n        <\/div>\n\t\t\t\t\t\t\t<\/div> \n\t\t\t\n\t\t\t\t<div id=\"ngg-image-3\" class=\"ngg-gallery-thumbnail-box \" >\n\t\t\t\t        <div class=\"ngg-gallery-thumbnail\">\n            <a href=\"https:\/\/spbuk.pl\/wp-content\/gallery\/rozstrzygniecie-konkursu-na-plakat-kampanii-19-dni-przeciwko-przemocy_2020\/130225261_201144604902025_7395922467261658706_o-1.jpg\"\n               title=\"\"\n               data-src=\"https:\/\/spbuk.pl\/wp-content\/gallery\/rozstrzygniecie-konkursu-na-plakat-kampanii-19-dni-przeciwko-przemocy_2020\/130225261_201144604902025_7395922467261658706_o-1.jpg\"\n               data-thumbnail=\"https:\/\/spbuk.pl\/wp-content\/gallery\/rozstrzygniecie-konkursu-na-plakat-kampanii-19-dni-przeciwko-przemocy_2020\/thumbs\/thumbs_130225261_201144604902025_7395922467261658706_o-1.jpg\"\n               data-image-id=\"11642\"\n               data-title=\"130225261_201144604902025_7395922467261658706_o-1\"\n               data-description=\"\"\n               data-image-slug=\"130225261_201144604902025_7395922467261658706_o-1\"\n               class=\"ngg-simplelightbox\" rel=\"94ca2a16968a8b5736052b7b070ba21a\">\n                <img\n                    title=\"130225261_201144604902025_7395922467261658706_o-1\"\n                    alt=\"130225261_201144604902025_7395922467261658706_o-1\"\n                    src=\"https:\/\/spbuk.pl\/wp-content\/gallery\/rozstrzygniecie-konkursu-na-plakat-kampanii-19-dni-przeciwko-przemocy_2020\/thumbs\/thumbs_130225261_201144604902025_7395922467261658706_o-1.jpg\"\n                    width=\"240\"\n                    height=\"160\"\n                    style=\"max-width:100%;\"\n                \/>\n            <\/a>\n        <\/div>\n\t\t\t\t\t\t\t<\/div> \n\t\t\t\n\t\t\t\t<div id=\"ngg-image-4\" class=\"ngg-gallery-thumbnail-box \" >\n\t\t\t\t        <div class=\"ngg-gallery-thumbnail\">\n            <a href=\"https:\/\/spbuk.pl\/wp-content\/gallery\/rozstrzygniecie-konkursu-na-plakat-kampanii-19-dni-przeciwko-przemocy_2020\/130304622_201146628235156_6460545878663903055_o.jpg\"\n               title=\"\"\n               data-src=\"https:\/\/spbuk.pl\/wp-content\/gallery\/rozstrzygniecie-konkursu-na-plakat-kampanii-19-dni-przeciwko-przemocy_2020\/130304622_201146628235156_6460545878663903055_o.jpg\"\n               data-thumbnail=\"https:\/\/spbuk.pl\/wp-content\/gallery\/rozstrzygniecie-konkursu-na-plakat-kampanii-19-dni-przeciwko-przemocy_2020\/thumbs\/thumbs_130304622_201146628235156_6460545878663903055_o.jpg\"\n               data-image-id=\"11643\"\n               data-title=\"130304622_201146628235156_6460545878663903055_o\"\n               data-description=\"\"\n               data-image-slug=\"130304622_201146628235156_6460545878663903055_o\"\n               class=\"ngg-simplelightbox\" rel=\"94ca2a16968a8b5736052b7b070ba21a\">\n                <img\n                    title=\"130304622_201146628235156_6460545878663903055_o\"\n                    alt=\"130304622_201146628235156_6460545878663903055_o\"\n                    src=\"https:\/\/spbuk.pl\/wp-content\/gallery\/rozstrzygniecie-konkursu-na-plakat-kampanii-19-dni-przeciwko-przemocy_2020\/thumbs\/thumbs_130304622_201146628235156_6460545878663903055_o.jpg\"\n                    width=\"240\"\n                    height=\"160\"\n                    style=\"max-width:100%;\"\n                \/>\n            <\/a>\n        <\/div>\n\t\t\t\t\t\t\t<\/div> \n\t\t\t\n\t\t\t\t<div id=\"ngg-image-5\" class=\"ngg-gallery-thumbnail-box \" >\n\t\t\t\t        <div class=\"ngg-gallery-thumbnail\">\n            <a href=\"https:\/\/spbuk.pl\/wp-content\/gallery\/rozstrzygniecie-konkursu-na-plakat-kampanii-19-dni-przeciwko-przemocy_2020\/130510608_201144644902021_6933546403105765010_o.jpg\"\n               title=\"\"\n               data-src=\"https:\/\/spbuk.pl\/wp-content\/gallery\/rozstrzygniecie-konkursu-na-plakat-kampanii-19-dni-przeciwko-przemocy_2020\/130510608_201144644902021_6933546403105765010_o.jpg\"\n               data-thumbnail=\"https:\/\/spbuk.pl\/wp-content\/gallery\/rozstrzygniecie-konkursu-na-plakat-kampanii-19-dni-przeciwko-przemocy_2020\/thumbs\/thumbs_130510608_201144644902021_6933546403105765010_o.jpg\"\n               data-image-id=\"11644\"\n               data-title=\"130510608_201144644902021_6933546403105765010_o\"\n               data-description=\"\"\n               data-image-slug=\"130510608_201144644902021_6933546403105765010_o\"\n               class=\"ngg-simplelightbox\" rel=\"94ca2a16968a8b5736052b7b070ba21a\">\n                <img\n                    title=\"130510608_201144644902021_6933546403105765010_o\"\n                    alt=\"130510608_201144644902021_6933546403105765010_o\"\n                    src=\"https:\/\/spbuk.pl\/wp-content\/gallery\/rozstrzygniecie-konkursu-na-plakat-kampanii-19-dni-przeciwko-przemocy_2020\/thumbs\/thumbs_130510608_201144644902021_6933546403105765010_o.jpg\"\n                    width=\"240\"\n                    height=\"160\"\n                    style=\"max-width:100%;\"\n                \/>\n            <\/a>\n        <\/div>\n\t\t\t\t\t\t\t<\/div> \n\t\t\t\n\t\t\t\t<div id=\"ngg-image-6\" class=\"ngg-gallery-thumbnail-box \" >\n\t\t\t\t        <div class=\"ngg-gallery-thumbnail\">\n            <a href=\"https:\/\/spbuk.pl\/wp-content\/gallery\/rozstrzygniecie-konkursu-na-plakat-kampanii-19-dni-przeciwko-przemocy_2020\/130604833_201146668235152_4181704563780553145_o.jpg\"\n               title=\"\"\n               data-src=\"https:\/\/spbuk.pl\/wp-content\/gallery\/rozstrzygniecie-konkursu-na-plakat-kampanii-19-dni-przeciwko-przemocy_2020\/130604833_201146668235152_4181704563780553145_o.jpg\"\n               data-thumbnail=\"https:\/\/spbuk.pl\/wp-content\/gallery\/rozstrzygniecie-konkursu-na-plakat-kampanii-19-dni-przeciwko-przemocy_2020\/thumbs\/thumbs_130604833_201146668235152_4181704563780553145_o.jpg\"\n               data-image-id=\"11645\"\n               data-title=\"130604833_201146668235152_4181704563780553145_o\"\n               data-description=\"\"\n               data-image-slug=\"130604833_201146668235152_4181704563780553145_o\"\n               class=\"ngg-simplelightbox\" rel=\"94ca2a16968a8b5736052b7b070ba21a\">\n                <img\n                    title=\"130604833_201146668235152_4181704563780553145_o\"\n                    alt=\"130604833_201146668235152_4181704563780553145_o\"\n                    src=\"https:\/\/spbuk.pl\/wp-content\/gallery\/rozstrzygniecie-konkursu-na-plakat-kampanii-19-dni-przeciwko-przemocy_2020\/thumbs\/thumbs_130604833_201146668235152_4181704563780553145_o.jpg\"\n                    width=\"240\"\n                    height=\"160\"\n                    style=\"max-width:100%;\"\n                \/>\n            <\/a>\n        <\/div>\n\t\t\t\t\t\t\t<\/div> \n\t\t\t\n\t\n\t<br style=\"clear: both\" \/>\n\n\t\n\t\t<!-- Pagination -->\n\t<div class='ngg-clear'><\/div>\t<\/div>\n\n","protected":false},"excerpt":{"rendered":"<p>Dzi\u0119kujemy za wszystkie prace, kt\u00f3re przys\u0142ali\u015bcie na konkurs na plakat kampanii 19 dni przeciwko przemocy Dzi\u0119kujemy za to, \u017ce po\u015bwi\u0119cili\u015bcie czas i energi\u0119, \u017ceby pokaza\u0107 sw\u00f3j sprzeciw. Zwyci\u0119skie prace zosta\u0142y wykonane przez Pol\u0119 Zimn\u0105 z 1a i Karolin\u0119 Ga\u0142\u0105zk\u0119 z 7a . Wyr\u00f3\u017cnione prace w konkursie wykonali: Jakub Ga\u0142\u0105zka 1d, [&hellip;]<\/p>\n","protected":false},"author":2,"featured_media":0,"comment_status":"closed","ping_status":"open","sticky":false,"template":"","format":"standard","meta":{"ngg_post_thumbnail":0,"footnotes":""},"categories":[23,78],"tags":[],"class_list":["post-9217","post","type-post","status-publish","format-standard","hentry","category-aktualnosci","category-wyniki"],"_links":{"self":[{"href":"https:\/\/spbuk.pl\/index.php?rest_route=\/wp\/v2\/posts\/9217","targetHints":{"allow":["GET"]}}],"collection":[{"href":"https:\/\/spbuk.pl\/index.php?rest_route=\/wp\/v2\/posts"}],"about":[{"href":"https:\/\/spbuk.pl\/index.php?rest_route=\/wp\/v2\/types\/post"}],"author":[{"embeddable":true,"href":"https:\/\/spbuk.pl\/index.php?rest_route=\/wp\/v2\/users\/2"}],"replies":[{"embeddable":true,"href":"https:\/\/spbuk.pl\/index.php?rest_route=%2Fwp%2Fv2%2Fcomments&post=9217"}],"version-history":[{"count":11,"href":"https:\/\/spbuk.pl\/index.php?rest_route=\/wp\/v2\/posts\/9217\/revisions"}],"predecessor-version":[{"id":36323,"href":"https:\/\/spbuk.pl\/index.php?rest_route=\/wp\/v2\/posts\/9217\/revisions\/36323"}],"wp:attachment":[{"href":"https:\/\/spbuk.pl\/index.php?rest_route=%2Fwp%2Fv2%2Fmedia&parent=9217"}],"wp:term":[{"taxonomy":"category","embeddable":true,"href":"https:\/\/spbuk.pl\/index.php?rest_route=%2Fwp%2Fv2%2Fcategories&post=9217"},{"taxonomy":"post_tag","embeddable":true,"href":"https:\/\/spbuk.pl\/index.php?rest_route=%2Fwp%2Fv2%2Ftags&post=9217"}],"curies":[{"name":"wp","href":"https:\/\/api.w.org\/{rel}","templated":true}]}}