{"id":9166,"date":"2020-12-01T18:34:05","date_gmt":"2020-12-01T17:34:05","guid":{"rendered":"http:\/\/spbuk.pl\/?p=9166"},"modified":"2021-10-03T16:08:13","modified_gmt":"2021-10-03T14:08:13","slug":"zbiorka-nakretek","status":"publish","type":"post","link":"https:\/\/spbuk.pl\/?p=9166","title":{"rendered":"Zbi\u00f3rka nakr\u0119tek"},"content":{"rendered":"<p style=\"text-align: left;\">Od wrze\u015bnia w naszej szkole trwa zbi\u00f3rka plastikowych nakr\u0119tek. &nbsp;&nbsp;&nbsp;&nbsp;&nbsp;&nbsp;&nbsp;<\/p>\n<p style=\"text-align: left;\">Zbieramy je dla dw\u00f3jki pi\u0119ciolatk\u00f3w &#8211; <strong>Stefci \u017burek<\/strong> i <strong>Stasia Reczka.<\/strong><\/p>\n<p><a href=\"https:\/\/spbuk.pl\/wp-content\/uploads\/2020\/12\/01\/zbiorka-nakretek\/Obraz1.jpg\"><img loading=\"lazy\" decoding=\"async\" class=\"aligncenter wp-image-9167 size-full\" src=\"https:\/\/spbuk.pl\/wp-content\/uploads\/2020\/12\/01\/zbiorka-nakretek\/Obraz1.jpg\" alt=\"\" width=\"241\" height=\"330\"><\/a> <a href=\"https:\/\/spbuk.pl\/wp-content\/uploads\/2020\/12\/01\/zbiorka-nakretek\/Obraz2.jpg\"><img loading=\"lazy\" decoding=\"async\" class=\"aligncenter wp-image-9168 size-full\" src=\"https:\/\/spbuk.pl\/wp-content\/uploads\/2020\/12\/01\/zbiorka-nakretek\/Obraz2.jpg\" alt=\"\" width=\"229\" height=\"325\"><\/a><\/p>\n<p style=\"text-align: left;\">Dzieci te potrzebuj\u0105 sta\u0142ej opieki i intensywnej rehabilitacji oraz specjalistycznego sprz\u0119tu medycznego. Dzi\u0119ki naszej pomocy b\u0119d\u0105 mog\u0142y korzysta\u0107 z opieki specjalist\u00f3w oraz wyjecha\u0107 z rodzicami na turnusy rehabilitacyjne.<\/p>\n<p style=\"text-align: left;\">Nakr\u0119tki wrzucamy do wielkiego czerwonego serca, znajduj\u0105cego si\u0119 przed budynkiem szko\u0142y przy ul. Szkolnej.<\/p>\n<p style=\"text-align: left;\"><strong>Gor\u0105co zach\u0119camy do pomagania, kt\u00f3re tak naprawd\u0119 nic nie kosztuje.<\/strong><\/p>\n<p style=\"text-align: left;\">Samorz\u0105d Uczniowski oraz Szkolne Ko\u0142o Caritas i Wolontariat<\/p>\n","protected":false},"excerpt":{"rendered":"<p>Od wrze\u015bnia w naszej szkole trwa zbi\u00f3rka plastikowych nakr\u0119tek. &nbsp;&nbsp;&nbsp;&nbsp;&nbsp;&nbsp;&nbsp; Zbieramy je dla dw\u00f3jki pi\u0119ciolatk\u00f3w &#8211; Stefci \u017burek i Stasia Reczka. Dzieci te potrzebuj\u0105 sta\u0142ej opieki i intensywnej rehabilitacji oraz specjalistycznego sprz\u0119tu medycznego. Dzi\u0119ki naszej pomocy b\u0119d\u0105 mog\u0142y korzysta\u0107 z opieki specjalist\u00f3w oraz wyjecha\u0107 z rodzicami na turnusy rehabilitacyjne. Nakr\u0119tki [&hellip;]<\/p>\n","protected":false},"author":2,"featured_media":0,"comment_status":"closed","ping_status":"open","sticky":false,"template":"","format":"standard","meta":{"ngg_post_thumbnail":0,"footnotes":""},"categories":[23,36],"tags":[],"class_list":["post-9166","post","type-post","status-publish","format-standard","hentry","category-aktualnosci","category-wydarzenia-su"],"_links":{"self":[{"href":"https:\/\/spbuk.pl\/index.php?rest_route=\/wp\/v2\/posts\/9166","targetHints":{"allow":["GET"]}}],"collection":[{"href":"https:\/\/spbuk.pl\/index.php?rest_route=\/wp\/v2\/posts"}],"about":[{"href":"https:\/\/spbuk.pl\/index.php?rest_route=\/wp\/v2\/types\/post"}],"author":[{"embeddable":true,"href":"https:\/\/spbuk.pl\/index.php?rest_route=\/wp\/v2\/users\/2"}],"replies":[{"embeddable":true,"href":"https:\/\/spbuk.pl\/index.php?rest_route=%2Fwp%2Fv2%2Fcomments&post=9166"}],"version-history":[{"count":1,"href":"https:\/\/spbuk.pl\/index.php?rest_route=\/wp\/v2\/posts\/9166\/revisions"}],"predecessor-version":[{"id":11358,"href":"https:\/\/spbuk.pl\/index.php?rest_route=\/wp\/v2\/posts\/9166\/revisions\/11358"}],"wp:attachment":[{"href":"https:\/\/spbuk.pl\/index.php?rest_route=%2Fwp%2Fv2%2Fmedia&parent=9166"}],"wp:term":[{"taxonomy":"category","embeddable":true,"href":"https:\/\/spbuk.pl\/index.php?rest_route=%2Fwp%2Fv2%2Fcategories&post=9166"},{"taxonomy":"post_tag","embeddable":true,"href":"https:\/\/spbuk.pl\/index.php?rest_route=%2Fwp%2Fv2%2Ftags&post=9166"}],"curies":[{"name":"wp","href":"https:\/\/api.w.org\/{rel}","templated":true}]}}