{"id":9122,"date":"2020-11-16T18:59:25","date_gmt":"2020-11-16T17:59:25","guid":{"rendered":"http:\/\/spbuk.pl\/?p=9122"},"modified":"2025-11-01T00:40:24","modified_gmt":"2025-10-31T23:40:24","slug":"rozstrzygniecie-konkursu-barwy-jesieni","status":"publish","type":"post","link":"https:\/\/spbuk.pl\/?p=9122","title":{"rendered":"Rozstrzygni\u0119cie konkursu &#8222;Barwy jesieni&#8221;"},"content":{"rendered":"<p>Z przyjemno\u015bci\u0105 informujemy, \u017ce <strong>konkurs plastyczno &#8211; fotograficzny pt. \u201eBarwy Jesieni\u201d<\/strong> zosta\u0142 rozstrzygni\u0119ty. Do organizatorek konkursu wp\u0142yn\u0119\u0142o 16 ciekawych prac. Komisja konkursowa dokona\u0142a oceny prac zg\u0142oszonych do konkursu, wy\u0142oni\u0142a 3 laureat\u00f3w konkursu oraz przyzna\u0142a 2 wyr\u00f3\u017cnienia. I miejsce \u2013 <strong>Gabriela Mendyk<\/strong> kl. 1 b II miejsce \u2013 <strong>Norbert Kaczmarek<\/strong> kl. 2b III miejsce &#8211; <strong>Hubert Musia\u0142<\/strong> kl. 1c Wyr\u00f3\u017cnienia: <strong>Julian Wrzyszcz<\/strong> kl. 1b oraz <strong>Zuzanna Gawron<\/strong> kl. 1b. Serdecznie dzi\u0119kujemy wszystkim uczestnikom konkursu, a autorom nagrodzonych prac bardzo mocno <strong>gratulujemy<\/strong>!!! Wr\u0119czenie nagr\u00f3d nast\u0105pi po powrocie do szko\u0142y.<\/p>\n<!-- default-view.php -->\n<div\n\tclass=\"ngg-galleryoverview default-view \"\n\tid=\"ngg-gallery-f2bd98f808f42bec14c0bf12c380efa8-1\">\n\n\t\t<!-- Thumbnails -->\n\t\t\t\t<div id=\"ngg-image-0\" class=\"ngg-gallery-thumbnail-box \" >\n\t\t\t\t        <div class=\"ngg-gallery-thumbnail\">\n            <a href=\"https:\/\/spbuk.pl\/wp-content\/gallery\/rozstrzygniecie-konkursu-barwy-jesieni_listopad_2020\/1-miejsce.jpg\"\n               title=\"\"\n               data-src=\"https:\/\/spbuk.pl\/wp-content\/gallery\/rozstrzygniecie-konkursu-barwy-jesieni_listopad_2020\/1-miejsce.jpg\"\n               data-thumbnail=\"https:\/\/spbuk.pl\/wp-content\/gallery\/rozstrzygniecie-konkursu-barwy-jesieni_listopad_2020\/thumbs\/thumbs_1-miejsce.jpg\"\n               data-image-id=\"13897\"\n               data-title=\"1-miejsce\"\n               data-description=\"\"\n               data-image-slug=\"1-miejsce-1\"\n               class=\"ngg-simplelightbox\" rel=\"f2bd98f808f42bec14c0bf12c380efa8\">\n                <img\n                    title=\"1-miejsce\"\n                    alt=\"1-miejsce\"\n                    src=\"https:\/\/spbuk.pl\/wp-content\/gallery\/rozstrzygniecie-konkursu-barwy-jesieni_listopad_2020\/thumbs\/thumbs_1-miejsce.jpg\"\n                    width=\"240\"\n                    height=\"160\"\n                    style=\"max-width:100%;\"\n                \/>\n            <\/a>\n        <\/div>\n\t\t\t\t\t\t\t<\/div> \n\t\t\t\n\t\t\t\t<div id=\"ngg-image-1\" class=\"ngg-gallery-thumbnail-box \" >\n\t\t\t\t        <div class=\"ngg-gallery-thumbnail\">\n            <a href=\"https:\/\/spbuk.pl\/wp-content\/gallery\/rozstrzygniecie-konkursu-barwy-jesieni_listopad_2020\/wyroznienie.jpg\"\n               title=\"\"\n               data-src=\"https:\/\/spbuk.pl\/wp-content\/gallery\/rozstrzygniecie-konkursu-barwy-jesieni_listopad_2020\/wyroznienie.jpg\"\n               data-thumbnail=\"https:\/\/spbuk.pl\/wp-content\/gallery\/rozstrzygniecie-konkursu-barwy-jesieni_listopad_2020\/thumbs\/thumbs_wyroznienie.jpg\"\n               data-image-id=\"13898\"\n               data-title=\"wyroznienie\"\n               data-description=\"\"\n               data-image-slug=\"wyroznienie-1\"\n               class=\"ngg-simplelightbox\" rel=\"f2bd98f808f42bec14c0bf12c380efa8\">\n                <img\n                    title=\"wyroznienie\"\n                    alt=\"wyroznienie\"\n                    src=\"https:\/\/spbuk.pl\/wp-content\/gallery\/rozstrzygniecie-konkursu-barwy-jesieni_listopad_2020\/thumbs\/thumbs_wyroznienie.jpg\"\n                    width=\"240\"\n                    height=\"160\"\n                    style=\"max-width:100%;\"\n                \/>\n            <\/a>\n        <\/div>\n\t\t\t\t\t\t\t<\/div> \n\t\t\t\n\t\t\t\t<div id=\"ngg-image-2\" class=\"ngg-gallery-thumbnail-box \" >\n\t\t\t\t        <div class=\"ngg-gallery-thumbnail\">\n            <a href=\"https:\/\/spbuk.pl\/wp-content\/gallery\/rozstrzygniecie-konkursu-barwy-jesieni_listopad_2020\/wyroznienie1.jpg\"\n               title=\"\"\n               data-src=\"https:\/\/spbuk.pl\/wp-content\/gallery\/rozstrzygniecie-konkursu-barwy-jesieni_listopad_2020\/wyroznienie1.jpg\"\n               data-thumbnail=\"https:\/\/spbuk.pl\/wp-content\/gallery\/rozstrzygniecie-konkursu-barwy-jesieni_listopad_2020\/thumbs\/thumbs_wyroznienie1.jpg\"\n               data-image-id=\"13899\"\n               data-title=\"wyroznienie1\"\n               data-description=\"\"\n               data-image-slug=\"wyroznienie1\"\n               class=\"ngg-simplelightbox\" rel=\"f2bd98f808f42bec14c0bf12c380efa8\">\n                <img\n                    title=\"wyroznienie1\"\n                    alt=\"wyroznienie1\"\n                    src=\"https:\/\/spbuk.pl\/wp-content\/gallery\/rozstrzygniecie-konkursu-barwy-jesieni_listopad_2020\/thumbs\/thumbs_wyroznienie1.jpg\"\n                    width=\"240\"\n                    height=\"160\"\n                    style=\"max-width:100%;\"\n                \/>\n            <\/a>\n        <\/div>\n\t\t\t\t\t\t\t<\/div> \n\t\t\t\n\t\t\t\t<div id=\"ngg-image-3\" class=\"ngg-gallery-thumbnail-box \" >\n\t\t\t\t        <div class=\"ngg-gallery-thumbnail\">\n            <a href=\"https:\/\/spbuk.pl\/wp-content\/gallery\/rozstrzygniecie-konkursu-barwy-jesieni_listopad_2020\/2-miejsce.jpg\"\n               title=\"\"\n               data-src=\"https:\/\/spbuk.pl\/wp-content\/gallery\/rozstrzygniecie-konkursu-barwy-jesieni_listopad_2020\/2-miejsce.jpg\"\n               data-thumbnail=\"https:\/\/spbuk.pl\/wp-content\/gallery\/rozstrzygniecie-konkursu-barwy-jesieni_listopad_2020\/thumbs\/thumbs_2-miejsce.jpg\"\n               data-image-id=\"13900\"\n               data-title=\"2-miejsce\"\n               data-description=\"\"\n               data-image-slug=\"2-miejsce-1\"\n               class=\"ngg-simplelightbox\" rel=\"f2bd98f808f42bec14c0bf12c380efa8\">\n                <img\n                    title=\"2-miejsce\"\n                    alt=\"2-miejsce\"\n                    src=\"https:\/\/spbuk.pl\/wp-content\/gallery\/rozstrzygniecie-konkursu-barwy-jesieni_listopad_2020\/thumbs\/thumbs_2-miejsce.jpg\"\n                    width=\"240\"\n                    height=\"160\"\n                    style=\"max-width:100%;\"\n                \/>\n            <\/a>\n        <\/div>\n\t\t\t\t\t\t\t<\/div> \n\t\t\t\n\t\t\t\t<div id=\"ngg-image-4\" class=\"ngg-gallery-thumbnail-box \" >\n\t\t\t\t        <div class=\"ngg-gallery-thumbnail\">\n            <a href=\"https:\/\/spbuk.pl\/wp-content\/gallery\/rozstrzygniecie-konkursu-barwy-jesieni_listopad_2020\/3-miejsce.jpg\"\n               title=\"\"\n               data-src=\"https:\/\/spbuk.pl\/wp-content\/gallery\/rozstrzygniecie-konkursu-barwy-jesieni_listopad_2020\/3-miejsce.jpg\"\n               data-thumbnail=\"https:\/\/spbuk.pl\/wp-content\/gallery\/rozstrzygniecie-konkursu-barwy-jesieni_listopad_2020\/thumbs\/thumbs_3-miejsce.jpg\"\n               data-image-id=\"13901\"\n               data-title=\"3-miejsce\"\n               data-description=\"\"\n               data-image-slug=\"3-miejsce-1\"\n               class=\"ngg-simplelightbox\" rel=\"f2bd98f808f42bec14c0bf12c380efa8\">\n                <img\n                    title=\"3-miejsce\"\n                    alt=\"3-miejsce\"\n                    src=\"https:\/\/spbuk.pl\/wp-content\/gallery\/rozstrzygniecie-konkursu-barwy-jesieni_listopad_2020\/thumbs\/thumbs_3-miejsce.jpg\"\n                    width=\"240\"\n                    height=\"160\"\n                    style=\"max-width:100%;\"\n                \/>\n            <\/a>\n        <\/div>\n\t\t\t\t\t\t\t<\/div> \n\t\t\t\n\t\n\t<br style=\"clear: both\" \/>\n\n\t\n\t\t<!-- Pagination -->\n\t<div class='ngg-clear'><\/div>\t<\/div>\n\n","protected":false},"excerpt":{"rendered":"<p>Z przyjemno\u015bci\u0105 informujemy, \u017ce konkurs plastyczno &#8211; fotograficzny pt. \u201eBarwy Jesieni\u201d zosta\u0142 rozstrzygni\u0119ty. Do organizatorek konkursu wp\u0142yn\u0119\u0142o 16 ciekawych prac. Komisja konkursowa dokona\u0142a oceny prac zg\u0142oszonych do konkursu, wy\u0142oni\u0142a 3 laureat\u00f3w konkursu oraz przyzna\u0142a 2 wyr\u00f3\u017cnienia. I miejsce \u2013 Gabriela Mendyk kl. 1 b II miejsce \u2013 Norbert Kaczmarek kl. [&hellip;]<\/p>\n","protected":false},"author":2,"featured_media":0,"comment_status":"closed","ping_status":"open","sticky":false,"template":"","format":"standard","meta":{"ngg_post_thumbnail":0,"footnotes":""},"categories":[23,78],"tags":[],"class_list":["post-9122","post","type-post","status-publish","format-standard","hentry","category-aktualnosci","category-wyniki"],"_links":{"self":[{"href":"https:\/\/spbuk.pl\/index.php?rest_route=\/wp\/v2\/posts\/9122","targetHints":{"allow":["GET"]}}],"collection":[{"href":"https:\/\/spbuk.pl\/index.php?rest_route=\/wp\/v2\/posts"}],"about":[{"href":"https:\/\/spbuk.pl\/index.php?rest_route=\/wp\/v2\/types\/post"}],"author":[{"embeddable":true,"href":"https:\/\/spbuk.pl\/index.php?rest_route=\/wp\/v2\/users\/2"}],"replies":[{"embeddable":true,"href":"https:\/\/spbuk.pl\/index.php?rest_route=%2Fwp%2Fv2%2Fcomments&post=9122"}],"version-history":[{"count":3,"href":"https:\/\/spbuk.pl\/index.php?rest_route=\/wp\/v2\/posts\/9122\/revisions"}],"predecessor-version":[{"id":39733,"href":"https:\/\/spbuk.pl\/index.php?rest_route=\/wp\/v2\/posts\/9122\/revisions\/39733"}],"wp:attachment":[{"href":"https:\/\/spbuk.pl\/index.php?rest_route=%2Fwp%2Fv2%2Fmedia&parent=9122"}],"wp:term":[{"taxonomy":"category","embeddable":true,"href":"https:\/\/spbuk.pl\/index.php?rest_route=%2Fwp%2Fv2%2Fcategories&post=9122"},{"taxonomy":"post_tag","embeddable":true,"href":"https:\/\/spbuk.pl\/index.php?rest_route=%2Fwp%2Fv2%2Ftags&post=9122"}],"curies":[{"name":"wp","href":"https:\/\/api.w.org\/{rel}","templated":true}]}}