{"id":769,"date":"2013-09-30T12:35:42","date_gmt":"2013-09-30T10:35:42","guid":{"rendered":"http:\/\/intercomic.nazwa.pl\/spbuk\/?p=769"},"modified":"2021-10-02T20:55:57","modified_gmt":"2021-10-02T18:55:57","slug":"powiatowe-sztafetowe-biegi-przelajowe","status":"publish","type":"post","link":"https:\/\/spbuk.pl\/?p=769","title":{"rendered":"Powiatowe Sztafetowe Biegi Prze\u0142ajowe"},"content":{"rendered":"<p>W dniu 30 wrze\u015bnia 2013r. w K\u00f3rniku odby\u0142y si\u0119 powiatowe sztafetowe biegi prze\u0142ajowe, w kt\u00f3rych udzia\u0142 wzi\u0119\u0142a reprezentacja naszej szko\u0142y w sk\u0142adzie:<\/p>\n<p>Ha\u0142as Gabrysia<\/p>\n<p>Cichosz Katarzyna<\/p>\n<p>Chodorowska Julianna<\/p>\n<p>Krzemi\u0144ska Zofia<\/p>\n<p>Burkusz Zuzanna<\/p>\n<p>Sieka\u0144ska Joanna<\/p>\n<p>Janke Eryk<\/p>\n<p>Janke Emil<\/p>\n<p>Berdychowski Bartosz<\/p>\n<p>Frydrych Dominik<\/p>\n<p>B\u017adziel Jakub<\/p>\n<p>Kleszcz Kuba<\/p>\n<p>W klasyfikacji szk\u00f3\u0142 podstawowych wzi\u0119\u0142o udzia\u0142 21 szk\u00f3\u0142. S\u0142oneczna pogoda sprzyja\u0142a biegaczom i wszystkie szko\u0142y uko\u0144czy\u0142y sztafet\u0119. Na podium stan\u0119li zawodnicy z SP Mosina, SP Lubo\u0144, SP Prze\u017amierowo, nasza reprezentacja zaj\u0119\u0142a wysokie \u00f3sme miejsce.<\/p>\n<p>\u017byczymy sukces\u00f3w w nast\u0119pnych zawodach.<\/p>\n","protected":false},"excerpt":{"rendered":"<p>W dniu 30 wrze\u015bnia 2013r. w K\u00f3rniku odby\u0142y si\u0119 powiatowe sztafetowe biegi prze\u0142ajowe, w kt\u00f3rych udzia\u0142 wzi\u0119\u0142a reprezentacja naszej szko\u0142y w sk\u0142adzie: Ha\u0142as Gabrysia Cichosz Katarzyna Chodorowska Julianna Krzemi\u0144ska Zofia Burkusz Zuzanna Sieka\u0144ska Joanna Janke Eryk Janke Emil Berdychowski Bartosz Frydrych Dominik B\u017adziel Jakub Kleszcz Kuba W klasyfikacji szk\u00f3\u0142 podstawowych [&hellip;]<\/p>\n","protected":false},"author":2,"featured_media":0,"comment_status":"closed","ping_status":"open","sticky":false,"template":"","format":"standard","meta":{"ngg_post_thumbnail":0,"footnotes":""},"categories":[23,28],"tags":[],"class_list":["post-769","post","type-post","status-publish","format-standard","hentry","category-aktualnosci","category-sport"],"_links":{"self":[{"href":"https:\/\/spbuk.pl\/index.php?rest_route=\/wp\/v2\/posts\/769","targetHints":{"allow":["GET"]}}],"collection":[{"href":"https:\/\/spbuk.pl\/index.php?rest_route=\/wp\/v2\/posts"}],"about":[{"href":"https:\/\/spbuk.pl\/index.php?rest_route=\/wp\/v2\/types\/post"}],"author":[{"embeddable":true,"href":"https:\/\/spbuk.pl\/index.php?rest_route=\/wp\/v2\/users\/2"}],"replies":[{"embeddable":true,"href":"https:\/\/spbuk.pl\/index.php?rest_route=%2Fwp%2Fv2%2Fcomments&post=769"}],"version-history":[{"count":1,"href":"https:\/\/spbuk.pl\/index.php?rest_route=\/wp\/v2\/posts\/769\/revisions"}],"predecessor-version":[{"id":11625,"href":"https:\/\/spbuk.pl\/index.php?rest_route=\/wp\/v2\/posts\/769\/revisions\/11625"}],"wp:attachment":[{"href":"https:\/\/spbuk.pl\/index.php?rest_route=%2Fwp%2Fv2%2Fmedia&parent=769"}],"wp:term":[{"taxonomy":"category","embeddable":true,"href":"https:\/\/spbuk.pl\/index.php?rest_route=%2Fwp%2Fv2%2Fcategories&post=769"},{"taxonomy":"post_tag","embeddable":true,"href":"https:\/\/spbuk.pl\/index.php?rest_route=%2Fwp%2Fv2%2Ftags&post=769"}],"curies":[{"name":"wp","href":"https:\/\/api.w.org\/{rel}","templated":true}]}}