{"id":6733,"date":"2019-04-09T07:28:38","date_gmt":"2019-04-09T05:28:38","guid":{"rendered":"http:\/\/spbuk.pl\/?p=6733"},"modified":"2024-05-13T23:36:30","modified_gmt":"2024-05-13T21:36:30","slug":"do-hymnu-w-naszej-szkole-juz-16-maja-2019","status":"publish","type":"post","link":"https:\/\/spbuk.pl\/?p=6733","title":{"rendered":"Do Hymnu! &#8211; w naszej szkole ju\u017c 16 maja 2019!,"},"content":{"rendered":"<p>Po <em>Mazurku D\u0105browskieg<\/em>o i <em>Rocie<\/em> czas na nauk\u0119 <em>Ody do rado\u015bci<\/em>. Ten ostatni utw\u00f3r pojawi\u0142 si\u0119 w szkolnym repertuarze z powodu obchodzonej w 2019 roku pi\u0119tnastej rocznicy wst\u0105pienia Polski&nbsp; do Unii Europejskiej. Wszystkie trzy utwory uczniowie i nauczyciele naszej szko\u0142y za\u015bpiewaj\u0105 wsp\u00f3lnie ju\u017c 16 maja 2019r. w ramach akcji organizowanej przez Narodowe Centrum Kultury&nbsp;<em>Do Hymnu!<\/em>&nbsp;<\/p>\n","protected":false},"excerpt":{"rendered":"<p>Po Mazurku D\u0105browskiego i Rocie czas na nauk\u0119 Ody do rado\u015bci. Ten ostatni utw\u00f3r pojawi\u0142 si\u0119 w szkolnym repertuarze z powodu obchodzonej w 2019 roku pi\u0119tnastej rocznicy wst\u0105pienia Polski&nbsp; do Unii Europejskiej. Wszystkie trzy utwory uczniowie i nauczyciele naszej szko\u0142y za\u015bpiewaj\u0105 wsp\u00f3lnie ju\u017c 16 maja 2019r. w ramach akcji organizowanej [&hellip;]<\/p>\n","protected":false},"author":2,"featured_media":0,"comment_status":"closed","ping_status":"open","sticky":false,"template":"","format":"standard","meta":{"ngg_post_thumbnail":0,"footnotes":""},"categories":[23],"tags":[],"class_list":["post-6733","post","type-post","status-publish","format-standard","hentry","category-aktualnosci"],"_links":{"self":[{"href":"https:\/\/spbuk.pl\/index.php?rest_route=\/wp\/v2\/posts\/6733","targetHints":{"allow":["GET"]}}],"collection":[{"href":"https:\/\/spbuk.pl\/index.php?rest_route=\/wp\/v2\/posts"}],"about":[{"href":"https:\/\/spbuk.pl\/index.php?rest_route=\/wp\/v2\/types\/post"}],"author":[{"embeddable":true,"href":"https:\/\/spbuk.pl\/index.php?rest_route=\/wp\/v2\/users\/2"}],"replies":[{"embeddable":true,"href":"https:\/\/spbuk.pl\/index.php?rest_route=%2Fwp%2Fv2%2Fcomments&post=6733"}],"version-history":[{"count":2,"href":"https:\/\/spbuk.pl\/index.php?rest_route=\/wp\/v2\/posts\/6733\/revisions"}],"predecessor-version":[{"id":28010,"href":"https:\/\/spbuk.pl\/index.php?rest_route=\/wp\/v2\/posts\/6733\/revisions\/28010"}],"wp:attachment":[{"href":"https:\/\/spbuk.pl\/index.php?rest_route=%2Fwp%2Fv2%2Fmedia&parent=6733"}],"wp:term":[{"taxonomy":"category","embeddable":true,"href":"https:\/\/spbuk.pl\/index.php?rest_route=%2Fwp%2Fv2%2Fcategories&post=6733"},{"taxonomy":"post_tag","embeddable":true,"href":"https:\/\/spbuk.pl\/index.php?rest_route=%2Fwp%2Fv2%2Ftags&post=6733"}],"curies":[{"name":"wp","href":"https:\/\/api.w.org\/{rel}","templated":true}]}}