{"id":6338,"date":"2018-12-06T13:51:30","date_gmt":"2018-12-06T12:51:30","guid":{"rendered":"http:\/\/spbuk.pl\/?p=6338"},"modified":"2021-10-02T16:49:27","modified_gmt":"2021-10-02T14:49:27","slug":"konkurs-fotograficzny-skrzydla-zycia-zachecamy-mlodziez-do-udzialu","status":"publish","type":"post","link":"https:\/\/spbuk.pl\/?p=6338","title":{"rendered":"Konkurs fotograficzny &#8222;Skrzyd\u0142a \u017cycia&#8221;-zach\u0119camy m\u0142odzie\u017c do udzia\u0142u"},"content":{"rendered":"<p><!--more--><\/p>\n<p>Konkursu fotograficzny \u201eSkrzyd\u0142a \u017cycia\u201d adresowany jest do m\u0142odzie\u017cy w wieku 13-18 lat, zamieszkuj\u0105cej na terenie powiatu pozna\u0144skiego. To ju\u017c kolejna edycja konkursu profilaktycznego pod patronatem Starosty Pozna\u0144skiego, organizowana przez Powiat Pozna\u0144ski, Powiatowe Centrum Pomocy Rodzinie oraz Komend\u0119 Miejsk\u0105 Policji w Poznaniu.<\/p>\n<p>Celem konkursu jest zwr\u00f3cenie uwagi na problematyk\u0119 przemocy, uzale\u017cnie\u0144 i wyklucze\u0144 spo\u0142ecznych oraz zach\u0119cenie m\u0142odzie\u017cy do przedstawienia za pomoc\u0105 fotografii przemy\u015ble\u0144 na temat wskazanej problematyki.<\/p>\n<p>Przygotowane prace nale\u017cy dostarczy\u0107&nbsp;<strong>do 31 marca 2019 r. do siedziby Komendy Miejskiej Policji w Poznaniu, przy ul. Szylinga 2, z adnotacj\u0105 konkurs fotograficzny \u201eSkrzyd\u0142a \u017cycia\u201d.<\/strong><\/p>\n<p>Regulamin konkursu:<\/p>\n<p><a href=\"https:\/\/spbuk.pl\/wp-content\/uploads\/2018\/12\/06\/konkurs-fotograficzny-skrzydla-zycia-zachecamy-mlodziez-do-udzialu\/regulamin_konkursu_2019_x.pdf\">regulamin_konkursu_2019_x<\/a><\/p>\n","protected":false},"excerpt":{"rendered":"","protected":false},"author":2,"featured_media":0,"comment_status":"closed","ping_status":"open","sticky":false,"template":"","format":"standard","meta":{"ngg_post_thumbnail":0,"footnotes":""},"categories":[23,67],"tags":[],"class_list":["post-6338","post","type-post","status-publish","format-standard","hentry","category-aktualnosci","category-regulaminy"],"_links":{"self":[{"href":"https:\/\/spbuk.pl\/index.php?rest_route=\/wp\/v2\/posts\/6338","targetHints":{"allow":["GET"]}}],"collection":[{"href":"https:\/\/spbuk.pl\/index.php?rest_route=\/wp\/v2\/posts"}],"about":[{"href":"https:\/\/spbuk.pl\/index.php?rest_route=\/wp\/v2\/types\/post"}],"author":[{"embeddable":true,"href":"https:\/\/spbuk.pl\/index.php?rest_route=\/wp\/v2\/users\/2"}],"replies":[{"embeddable":true,"href":"https:\/\/spbuk.pl\/index.php?rest_route=%2Fwp%2Fv2%2Fcomments&post=6338"}],"version-history":[{"count":1,"href":"https:\/\/spbuk.pl\/index.php?rest_route=\/wp\/v2\/posts\/6338\/revisions"}],"predecessor-version":[{"id":11672,"href":"https:\/\/spbuk.pl\/index.php?rest_route=\/wp\/v2\/posts\/6338\/revisions\/11672"}],"wp:attachment":[{"href":"https:\/\/spbuk.pl\/index.php?rest_route=%2Fwp%2Fv2%2Fmedia&parent=6338"}],"wp:term":[{"taxonomy":"category","embeddable":true,"href":"https:\/\/spbuk.pl\/index.php?rest_route=%2Fwp%2Fv2%2Fcategories&post=6338"},{"taxonomy":"post_tag","embeddable":true,"href":"https:\/\/spbuk.pl\/index.php?rest_route=%2Fwp%2Fv2%2Ftags&post=6338"}],"curies":[{"name":"wp","href":"https:\/\/api.w.org\/{rel}","templated":true}]}}