{"id":6253,"date":"2018-11-19T19:43:20","date_gmt":"2018-11-19T18:43:20","guid":{"rendered":"http:\/\/spbuk.pl\/?p=6253"},"modified":"2018-11-19T19:43:20","modified_gmt":"2018-11-19T18:43:20","slug":"list-rzecznika-praw-dziecka-z-okazji-ogolnopolskiego-dnia-praw-dziecka","status":"publish","type":"post","link":"https:\/\/spbuk.pl\/?p=6253","title":{"rendered":"List Rzecznika Praw Dziecka z okazji Og\u00f3lnopolskiego Dnia Praw Dziecka"},"content":{"rendered":"<p><!--more--><\/p>\n<p align=\"right\">&nbsp;<\/p>\n<p>Nie ma dzieci \u2013 s\u0105 ludzie\u2026<u><\/u><u><\/u><\/p>\n<p>&nbsp;&nbsp;&nbsp;&nbsp;&nbsp;&nbsp;&nbsp;&nbsp;&nbsp;&nbsp;&nbsp;&nbsp;&nbsp;&nbsp;&nbsp;&nbsp;&nbsp;&nbsp;&nbsp;&nbsp;&nbsp;&nbsp;&nbsp; Janusz Korczak<u><\/u><u><\/u><\/p>\n<p>Drodzy i Szanowni,<u><\/u><u><\/u><\/p>\n<p>20 listopada obchodzimy Og\u00f3lnopolski Dzie\u0144 Praw Dziecka \u2013 \u015bwi\u0119to ustanowione przez Sejm Rzeczypospolitej Polskiej w 2014 roku na&nbsp;wniosek Rzecznika Praw Dziecka.<u><\/u><u><\/u><\/p>\n<p>Jego coroczne obchody przypominaj\u0105 o szczeg\u00f3lnej roli Polski \u2013 inicjatora uchwalenia Konwencji o prawach dziecka, na \u015bwiecie nazywanej Ojczyzn\u0105 Praw Dziecka \u2013 w tworzeniu \u015bwiatowego systemu ochrony praw najm\u0142odszych. To&nbsp;dzie\u0144, w kt\u00f3rym g\u0142o\u015bniej ni\u017c zwykle m\u00f3wimy o prawach dziecka, przypominaj\u0105c, \u017ce s\u0105 one niezbywalne i nale\u017cy je zawsze respektowa\u0107.<u><\/u><u><\/u><\/p>\n<p>Drodzy M\u0142odzi Przyjaciele,<u><\/u><u><\/u><\/p>\n<p>ju\u017c po raz ostatni jako Rzecznik Praw Dziecka, gdy\u017c po 10 latach ko\u0144cz\u0119 swoja drug\u0105 i ostatni\u0105 kadencj\u0119 na tej funkcji, z ca\u0142ego serca \u017cycz\u0119 Wam aby Wasze prawa zapisane m.in. Konstytucji Rzeczypospolitej Polskiej oraz Konwencji o prawach dziecka by\u0142y zawsze i&nbsp;bezdyskusyjnie przestrzegane. Pami\u0119tajcie, \u017ce macie prawo domaga\u0107 si\u0119 od doros\u0142ych pe\u0142nego respektowania przys\u0142uguj\u0105cych Wam praw. To nie s\u0105 przywileje za dobre sprawowanie. Macie je dlatego, ze Jeste\u015bcie lud\u017ami. Nie zapominajcie prosz\u0119, \u017ce ka\u017cdego cz\u0142owieka, niezale\u017cnie od wieku, kraju pochodzenia, koloru sk\u00f3ry, czy wyznawanej religii, nale\u017cy traktowa\u0107 z godno\u015bci\u0105 i nale\u017cnym mu szacunkiem. Prosz\u0119 te\u017c aby\u015bcie pami\u0119tali, \u017ce tam gdzie ko\u0144cz\u0105 si\u0119 Wasze prawa zaczynaj\u0105 si\u0119 prawa drugiego cz\u0142owieka i nie mo\u017cna korzystaj\u0105c ze swoich praw narusza\u0107 praw drugiego cz\u0142owieka. \u017bycz\u0119 Wam wspania\u0142ego, bezpiecznego i pogodnego dzieci\u0144stwa.<u><\/u><u><\/u><\/p>\n<p>Drodzy Doro\u015bli,<u><\/u><u><\/u><\/p>\n<p>prawa dziecka nigdy nie sta\u0142y i nie stoj\u0105 w opozycji do praw os\u00f3b doros\u0142ych \u2013 s\u0105 tak samo prawami cz\u0142owieka. Nie s\u0105 one \u017cadnym dodatkiem do systemu ochrony praw cz\u0142owieka ale r\u00f3wnorz\u0119dnym i niezb\u0119dnym jego elementem. Uszlachetniaj\u0105 ten system i czyni\u0105, \u017ce wszystkie dzieci s\u0105 bezpieczniejsze. Uczmy zatem dzieci ich praw i tego jak w m\u0105dry spos\u00f3b z&nbsp;nich korzysta\u0107. Chcia\u0142bym aby prawa dziecka by\u0142y dla wszystkich doros\u0142ych codzienno\u015bci\u0105, oczywisto\u015bci\u0105 i nie podlega\u0142y kontestacji, gdy\u017c s\u0142u\u017c\u0105 one jedynie ochronie dobra najm\u0142odszych. &nbsp;<u><\/u><u><\/u><\/p>\n<p>W tym szczeg\u00f3lnym dniu pragn\u0119 przypomnie\u0107 przes\u0142anie Ireny Sendlerowej, kt\u00f3rej rok obecnie obchodzimy:&nbsp;Dop\u00f3ki b\u0119d\u0119 \u017cy\u0142a, dop\u00f3ki mi si\u0142 starczy, zawsze b\u0119d\u0119 m\u00f3wi\u0142a, \u017ce najwa\u017cniejsze na \u015bwiecie i w \u017cyciu jest Dobro.&nbsp;\u2013 tym Dobrem we wsp\u00f3\u0142czesnym \u015bwiecie mo\u017ce by\u0107 ochrona praw najm\u0142odszych oraz traktowanie ich z nale\u017cnym szacunkiem, nie tylko dzisiaj, ale przez ka\u017cdy dzie\u0144 w roku.<u><\/u><u><\/u><\/p>\n<p align=\"right\">Serdecznie pozdrawiam. pozostaj\u0119 z wyrazami szacunku<u><\/u><u><\/u><\/p>\n<p align=\"right\">Wasz Rzecznik<u><\/u><u><\/u><\/p>\n<p align=\"right\">Marek Michalak<u><\/u><u><\/u><\/p>\n<p align=\"right\">Rzecznik Praw Dziecka (2008-2018)<u><\/u><u><\/u><\/p>\n<p align=\"right\">Kanclerz Mi\u0119dzynarodowej Kapitu\u0142y Orderu U\u015bmiechu<u><\/u><u><\/u><\/p>\n<p align=\"right\">Przewodnicz\u0105cy Mi\u0119dzynarodowego Stowarzyszenia im. Janusza Korczaka<u><\/u><u><\/u><\/p>\n<p>&nbsp;<\/p>\n","protected":false},"excerpt":{"rendered":"","protected":false},"author":2,"featured_media":0,"comment_status":"closed","ping_status":"open","sticky":false,"template":"","format":"standard","meta":{"ngg_post_thumbnail":0,"footnotes":""},"categories":[23],"tags":[],"class_list":["post-6253","post","type-post","status-publish","format-standard","hentry","category-aktualnosci"],"_links":{"self":[{"href":"https:\/\/spbuk.pl\/index.php?rest_route=\/wp\/v2\/posts\/6253","targetHints":{"allow":["GET"]}}],"collection":[{"href":"https:\/\/spbuk.pl\/index.php?rest_route=\/wp\/v2\/posts"}],"about":[{"href":"https:\/\/spbuk.pl\/index.php?rest_route=\/wp\/v2\/types\/post"}],"author":[{"embeddable":true,"href":"https:\/\/spbuk.pl\/index.php?rest_route=\/wp\/v2\/users\/2"}],"replies":[{"embeddable":true,"href":"https:\/\/spbuk.pl\/index.php?rest_route=%2Fwp%2Fv2%2Fcomments&post=6253"}],"version-history":[{"count":0,"href":"https:\/\/spbuk.pl\/index.php?rest_route=\/wp\/v2\/posts\/6253\/revisions"}],"wp:attachment":[{"href":"https:\/\/spbuk.pl\/index.php?rest_route=%2Fwp%2Fv2%2Fmedia&parent=6253"}],"wp:term":[{"taxonomy":"category","embeddable":true,"href":"https:\/\/spbuk.pl\/index.php?rest_route=%2Fwp%2Fv2%2Fcategories&post=6253"},{"taxonomy":"post_tag","embeddable":true,"href":"https:\/\/spbuk.pl\/index.php?rest_route=%2Fwp%2Fv2%2Ftags&post=6253"}],"curies":[{"name":"wp","href":"https:\/\/api.w.org\/{rel}","templated":true}]}}