{"id":6244,"date":"2018-11-12T09:12:30","date_gmt":"2018-11-12T08:12:30","guid":{"rendered":"http:\/\/spbuk.pl\/?p=6244"},"modified":"2025-10-31T18:08:40","modified_gmt":"2025-10-31T17:08:40","slug":"6244","status":"publish","type":"post","link":"https:\/\/spbuk.pl\/?p=6244","title":{"rendered":"XXIX Rajd Niepodleg\u0142o\u015bciowy 2018"},"content":{"rendered":"<p style=\"text-align: justify;\">\u201eB\u0105d\u017a turyst\u0105 w swoim mie\u015bcie\u201d- pod takim has\u0142em, kolejny ju\u017c raz, Oddzia\u0142 PTTK w Buku, zorganizowa\u0142 Rajd Niepodleg\u0142o\u015bciowy. Celem rajdu by\u0142o uczczenie 100 rocznicy Odzyskania Niepodleg\u0142o\u015bci, 100 rocznicy wybuchu Powstania Wielkopolskiego, a tak\u017ce uczczenie Miejsc Pami\u0119ci Narodowej, &nbsp;oraz popularyzacja turystyki i krajoznawstwa w\u015br\u00f3d dzieci i m\u0142odzie\u017cy.<\/p>\n<p style=\"text-align: justify;\">10 listopada w ramach obchod\u00f3w 100 rocznicy Odzyskania Niepodleg\u0142o\u015bci grupa uczni\u00f3w naszej szko\u0142y pod opiek\u0105 Agnieszki Wojciechowskiej wzi\u0119\u0142a w nim udzia\u0142. Trasa rajdu prowadzi\u0142a&nbsp; od Pomnika Bohater\u00f3w Bukowskich na placu Stanis\u0142awa Reszki, gdzie odby\u0142o si\u0119 otwarcie rajdu i uroczysty apel poprowadzony przez p. Iren\u0119 Kamyszek, nast\u0119pnie tury\u015bci obejrzeli Mural Powsta\u0144czy na Hali OSiR.<\/p>\n<p style=\"text-align: justify;\">Dalej uczestnicy rajdu zapalili znicze pod pomnikiem przy ulicy Szarych Szereg\u00f3w,&nbsp; przeszli ulicami kapitana Wegnera, doktora Kazimierza Wr\u00f3blewskiego, pu\u0142kownika Zenktelera, do Cmentarza \u015aw. Krzy\u017ca, by z\u0142o\u017cy\u0107 kolejne znicze na pomniku i grobach Powsta\u0144c\u00f3w Wielkopolskich. Zako\u0144czenie rajdu nast\u0105pi\u0142o w \u015bwietlicy PTTK, gdzie od\u015bpiewano pie\u015bni patriotyczne.<\/p>\n<!-- default-view.php -->\n<div\n\tclass=\"ngg-galleryoverview default-view \"\n\tid=\"ngg-gallery-9a5a084a070a05ab6f5fdf20985c2201-1\">\n\n\t\t<!-- Thumbnails -->\n\t\t\t\t<div id=\"ngg-image-0\" class=\"ngg-gallery-thumbnail-box \" >\n\t\t\t\t        <div class=\"ngg-gallery-thumbnail\">\n            <a href=\"https:\/\/spbuk.pl\/wp-content\/gallery\/xxix-rajd-niepodleglosciowy-2018\/100_2777.jpg\"\n               title=\"\"\n               data-src=\"https:\/\/spbuk.pl\/wp-content\/gallery\/xxix-rajd-niepodleglosciowy-2018\/100_2777.jpg\"\n               data-thumbnail=\"https:\/\/spbuk.pl\/wp-content\/gallery\/xxix-rajd-niepodleglosciowy-2018\/thumbs\/thumbs_100_2777.jpg\"\n               data-image-id=\"13151\"\n               data-title=\"100_2777\"\n               data-description=\"\"\n               data-image-slug=\"100_2777\"\n               class=\"ngg-simplelightbox\" rel=\"9a5a084a070a05ab6f5fdf20985c2201\">\n                <img\n                    title=\"100_2777\"\n                    alt=\"100_2777\"\n                    src=\"https:\/\/spbuk.pl\/wp-content\/gallery\/xxix-rajd-niepodleglosciowy-2018\/thumbs\/thumbs_100_2777.jpg\"\n                    width=\"240\"\n                    height=\"160\"\n                    style=\"max-width:100%;\"\n                \/>\n            <\/a>\n        <\/div>\n\t\t\t\t\t\t\t<\/div> \n\t\t\t\n\t\t\t\t<div id=\"ngg-image-1\" class=\"ngg-gallery-thumbnail-box \" >\n\t\t\t\t        <div class=\"ngg-gallery-thumbnail\">\n            <a href=\"https:\/\/spbuk.pl\/wp-content\/gallery\/xxix-rajd-niepodleglosciowy-2018\/100_2779.jpg\"\n               title=\"\"\n               data-src=\"https:\/\/spbuk.pl\/wp-content\/gallery\/xxix-rajd-niepodleglosciowy-2018\/100_2779.jpg\"\n               data-thumbnail=\"https:\/\/spbuk.pl\/wp-content\/gallery\/xxix-rajd-niepodleglosciowy-2018\/thumbs\/thumbs_100_2779.jpg\"\n               data-image-id=\"13152\"\n               data-title=\"100_2779\"\n               data-description=\"\"\n               data-image-slug=\"100_2779\"\n               class=\"ngg-simplelightbox\" rel=\"9a5a084a070a05ab6f5fdf20985c2201\">\n                <img\n                    title=\"100_2779\"\n                    alt=\"100_2779\"\n                    src=\"https:\/\/spbuk.pl\/wp-content\/gallery\/xxix-rajd-niepodleglosciowy-2018\/thumbs\/thumbs_100_2779.jpg\"\n                    width=\"240\"\n                    height=\"160\"\n                    style=\"max-width:100%;\"\n                \/>\n            <\/a>\n        <\/div>\n\t\t\t\t\t\t\t<\/div> \n\t\t\t\n\t\t\t\t<div id=\"ngg-image-2\" class=\"ngg-gallery-thumbnail-box \" >\n\t\t\t\t        <div class=\"ngg-gallery-thumbnail\">\n            <a href=\"https:\/\/spbuk.pl\/wp-content\/gallery\/xxix-rajd-niepodleglosciowy-2018\/100_2781.jpg\"\n               title=\"\"\n               data-src=\"https:\/\/spbuk.pl\/wp-content\/gallery\/xxix-rajd-niepodleglosciowy-2018\/100_2781.jpg\"\n               data-thumbnail=\"https:\/\/spbuk.pl\/wp-content\/gallery\/xxix-rajd-niepodleglosciowy-2018\/thumbs\/thumbs_100_2781.jpg\"\n               data-image-id=\"13153\"\n               data-title=\"100_2781\"\n               data-description=\"\"\n               data-image-slug=\"100_2781\"\n               class=\"ngg-simplelightbox\" rel=\"9a5a084a070a05ab6f5fdf20985c2201\">\n                <img\n                    title=\"100_2781\"\n                    alt=\"100_2781\"\n                    src=\"https:\/\/spbuk.pl\/wp-content\/gallery\/xxix-rajd-niepodleglosciowy-2018\/thumbs\/thumbs_100_2781.jpg\"\n                    width=\"240\"\n                    height=\"160\"\n                    style=\"max-width:100%;\"\n                \/>\n            <\/a>\n        <\/div>\n\t\t\t\t\t\t\t<\/div> \n\t\t\t\n\t\n\t<br style=\"clear: both\" \/>\n\n\t\n\t\t<!-- Pagination -->\n\t<div class='ngg-clear'><\/div>\t<\/div>\n\n","protected":false},"excerpt":{"rendered":"<p>\u201eB\u0105d\u017a turyst\u0105 w swoim mie\u015bcie\u201d- pod takim has\u0142em, kolejny ju\u017c raz, Oddzia\u0142 PTTK w Buku, zorganizowa\u0142 Rajd Niepodleg\u0142o\u015bciowy. Celem rajdu by\u0142o uczczenie 100 rocznicy Odzyskania Niepodleg\u0142o\u015bci, 100 rocznicy wybuchu Powstania Wielkopolskiego, a tak\u017ce uczczenie Miejsc Pami\u0119ci Narodowej, &nbsp;oraz popularyzacja turystyki i krajoznawstwa w\u015br\u00f3d dzieci i m\u0142odzie\u017cy. 10 listopada w ramach [&hellip;]<\/p>\n","protected":false},"author":2,"featured_media":0,"comment_status":"closed","ping_status":"open","sticky":false,"template":"","format":"standard","meta":{"ngg_post_thumbnail":0,"footnotes":""},"categories":[23],"tags":[],"class_list":["post-6244","post","type-post","status-publish","format-standard","hentry","category-aktualnosci"],"_links":{"self":[{"href":"https:\/\/spbuk.pl\/index.php?rest_route=\/wp\/v2\/posts\/6244","targetHints":{"allow":["GET"]}}],"collection":[{"href":"https:\/\/spbuk.pl\/index.php?rest_route=\/wp\/v2\/posts"}],"about":[{"href":"https:\/\/spbuk.pl\/index.php?rest_route=\/wp\/v2\/types\/post"}],"author":[{"embeddable":true,"href":"https:\/\/spbuk.pl\/index.php?rest_route=\/wp\/v2\/users\/2"}],"replies":[{"embeddable":true,"href":"https:\/\/spbuk.pl\/index.php?rest_route=%2Fwp%2Fv2%2Fcomments&post=6244"}],"version-history":[{"count":2,"href":"https:\/\/spbuk.pl\/index.php?rest_route=\/wp\/v2\/posts\/6244\/revisions"}],"predecessor-version":[{"id":38644,"href":"https:\/\/spbuk.pl\/index.php?rest_route=\/wp\/v2\/posts\/6244\/revisions\/38644"}],"wp:attachment":[{"href":"https:\/\/spbuk.pl\/index.php?rest_route=%2Fwp%2Fv2%2Fmedia&parent=6244"}],"wp:term":[{"taxonomy":"category","embeddable":true,"href":"https:\/\/spbuk.pl\/index.php?rest_route=%2Fwp%2Fv2%2Fcategories&post=6244"},{"taxonomy":"post_tag","embeddable":true,"href":"https:\/\/spbuk.pl\/index.php?rest_route=%2Fwp%2Fv2%2Ftags&post=6244"}],"curies":[{"name":"wp","href":"https:\/\/api.w.org\/{rel}","templated":true}]}}