{"id":6232,"date":"2018-11-13T09:10:26","date_gmt":"2018-11-13T08:10:26","guid":{"rendered":"http:\/\/spbuk.pl\/?p=6232"},"modified":"2025-10-31T18:20:39","modified_gmt":"2025-10-31T17:20:39","slug":"fotorelacja-z-udzialu-kola-tanecznego-w-obchodach-100-rocznicy-odzyskania-niepodleglosci","status":"publish","type":"post","link":"https:\/\/spbuk.pl\/?p=6232","title":{"rendered":"Udzia\u0142 ko\u0142a tanecznego w obchodach 100 rocznicy Odzyskania Niepodleg\u0142o\u015bci"},"content":{"rendered":"<!-- default-view.php -->\n<div\n\tclass=\"ngg-galleryoverview default-view \"\n\tid=\"ngg-gallery-0c2d938e20b82d691e46b5d402cffbef-1\">\n\n\t\t<!-- Thumbnails -->\n\t\t\t\t<div id=\"ngg-image-0\" class=\"ngg-gallery-thumbnail-box \" >\n\t\t\t\t        <div class=\"ngg-gallery-thumbnail\">\n            <a href=\"https:\/\/spbuk.pl\/wp-content\/gallery\/udzial-kola-tanecznego-w-obchodach-100-rocznicy-odzyskania-niepodleglosci_2018\/100_2793.jpg\"\n               title=\"\"\n               data-src=\"https:\/\/spbuk.pl\/wp-content\/gallery\/udzial-kola-tanecznego-w-obchodach-100-rocznicy-odzyskania-niepodleglosci_2018\/100_2793.jpg\"\n               data-thumbnail=\"https:\/\/spbuk.pl\/wp-content\/gallery\/udzial-kola-tanecznego-w-obchodach-100-rocznicy-odzyskania-niepodleglosci_2018\/thumbs\/thumbs_100_2793.jpg\"\n               data-image-id=\"13154\"\n               data-title=\"100_2793\"\n               data-description=\"\"\n               data-image-slug=\"100_2793\"\n               class=\"ngg-simplelightbox\" rel=\"0c2d938e20b82d691e46b5d402cffbef\">\n                <img\n                    title=\"100_2793\"\n                    alt=\"100_2793\"\n                    src=\"https:\/\/spbuk.pl\/wp-content\/gallery\/udzial-kola-tanecznego-w-obchodach-100-rocznicy-odzyskania-niepodleglosci_2018\/thumbs\/thumbs_100_2793.jpg\"\n                    width=\"240\"\n                    height=\"160\"\n                    style=\"max-width:100%;\"\n                \/>\n            <\/a>\n        <\/div>\n\t\t\t\t\t\t\t<\/div> \n\t\t\t\n\t\t\t\t<div id=\"ngg-image-1\" class=\"ngg-gallery-thumbnail-box \" >\n\t\t\t\t        <div class=\"ngg-gallery-thumbnail\">\n            <a href=\"https:\/\/spbuk.pl\/wp-content\/gallery\/udzial-kola-tanecznego-w-obchodach-100-rocznicy-odzyskania-niepodleglosci_2018\/100_2788.jpg\"\n               title=\"\"\n               data-src=\"https:\/\/spbuk.pl\/wp-content\/gallery\/udzial-kola-tanecznego-w-obchodach-100-rocznicy-odzyskania-niepodleglosci_2018\/100_2788.jpg\"\n               data-thumbnail=\"https:\/\/spbuk.pl\/wp-content\/gallery\/udzial-kola-tanecznego-w-obchodach-100-rocznicy-odzyskania-niepodleglosci_2018\/thumbs\/thumbs_100_2788.jpg\"\n               data-image-id=\"13155\"\n               data-title=\"100_2788\"\n               data-description=\"\"\n               data-image-slug=\"100_2788\"\n               class=\"ngg-simplelightbox\" rel=\"0c2d938e20b82d691e46b5d402cffbef\">\n                <img\n                    title=\"100_2788\"\n                    alt=\"100_2788\"\n                    src=\"https:\/\/spbuk.pl\/wp-content\/gallery\/udzial-kola-tanecznego-w-obchodach-100-rocznicy-odzyskania-niepodleglosci_2018\/thumbs\/thumbs_100_2788.jpg\"\n                    width=\"240\"\n                    height=\"160\"\n                    style=\"max-width:100%;\"\n                \/>\n            <\/a>\n        <\/div>\n\t\t\t\t\t\t\t<\/div> \n\t\t\t\n\t\t\t\t<div id=\"ngg-image-2\" class=\"ngg-gallery-thumbnail-box \" >\n\t\t\t\t        <div class=\"ngg-gallery-thumbnail\">\n            <a href=\"https:\/\/spbuk.pl\/wp-content\/gallery\/udzial-kola-tanecznego-w-obchodach-100-rocznicy-odzyskania-niepodleglosci_2018\/100_2794.jpg\"\n               title=\"\"\n               data-src=\"https:\/\/spbuk.pl\/wp-content\/gallery\/udzial-kola-tanecznego-w-obchodach-100-rocznicy-odzyskania-niepodleglosci_2018\/100_2794.jpg\"\n               data-thumbnail=\"https:\/\/spbuk.pl\/wp-content\/gallery\/udzial-kola-tanecznego-w-obchodach-100-rocznicy-odzyskania-niepodleglosci_2018\/thumbs\/thumbs_100_2794.jpg\"\n               data-image-id=\"13156\"\n               data-title=\"100_2794\"\n               data-description=\"\"\n               data-image-slug=\"100_2794\"\n               class=\"ngg-simplelightbox\" rel=\"0c2d938e20b82d691e46b5d402cffbef\">\n                <img\n                    title=\"100_2794\"\n                    alt=\"100_2794\"\n                    src=\"https:\/\/spbuk.pl\/wp-content\/gallery\/udzial-kola-tanecznego-w-obchodach-100-rocznicy-odzyskania-niepodleglosci_2018\/thumbs\/thumbs_100_2794.jpg\"\n                    width=\"240\"\n                    height=\"160\"\n                    style=\"max-width:100%;\"\n                \/>\n            <\/a>\n        <\/div>\n\t\t\t\t\t\t\t<\/div> \n\t\t\t\n\t\t\t\t<div id=\"ngg-image-3\" class=\"ngg-gallery-thumbnail-box \" >\n\t\t\t\t        <div class=\"ngg-gallery-thumbnail\">\n            <a href=\"https:\/\/spbuk.pl\/wp-content\/gallery\/udzial-kola-tanecznego-w-obchodach-100-rocznicy-odzyskania-niepodleglosci_2018\/100_2783.jpg\"\n               title=\"\"\n               data-src=\"https:\/\/spbuk.pl\/wp-content\/gallery\/udzial-kola-tanecznego-w-obchodach-100-rocznicy-odzyskania-niepodleglosci_2018\/100_2783.jpg\"\n               data-thumbnail=\"https:\/\/spbuk.pl\/wp-content\/gallery\/udzial-kola-tanecznego-w-obchodach-100-rocznicy-odzyskania-niepodleglosci_2018\/thumbs\/thumbs_100_2783.jpg\"\n               data-image-id=\"13157\"\n               data-title=\"100_2783\"\n               data-description=\"\"\n               data-image-slug=\"100_2783\"\n               class=\"ngg-simplelightbox\" rel=\"0c2d938e20b82d691e46b5d402cffbef\">\n                <img\n                    title=\"100_2783\"\n                    alt=\"100_2783\"\n                    src=\"https:\/\/spbuk.pl\/wp-content\/gallery\/udzial-kola-tanecznego-w-obchodach-100-rocznicy-odzyskania-niepodleglosci_2018\/thumbs\/thumbs_100_2783.jpg\"\n                    width=\"240\"\n                    height=\"160\"\n                    style=\"max-width:100%;\"\n                \/>\n            <\/a>\n        <\/div>\n\t\t\t\t\t\t\t<\/div> \n\t\t\t\n\t\t\t\t<div id=\"ngg-image-4\" class=\"ngg-gallery-thumbnail-box \" >\n\t\t\t\t        <div class=\"ngg-gallery-thumbnail\">\n            <a href=\"https:\/\/spbuk.pl\/wp-content\/gallery\/udzial-kola-tanecznego-w-obchodach-100-rocznicy-odzyskania-niepodleglosci_2018\/100_2789.jpg\"\n               title=\"\"\n               data-src=\"https:\/\/spbuk.pl\/wp-content\/gallery\/udzial-kola-tanecznego-w-obchodach-100-rocznicy-odzyskania-niepodleglosci_2018\/100_2789.jpg\"\n               data-thumbnail=\"https:\/\/spbuk.pl\/wp-content\/gallery\/udzial-kola-tanecznego-w-obchodach-100-rocznicy-odzyskania-niepodleglosci_2018\/thumbs\/thumbs_100_2789.jpg\"\n               data-image-id=\"13158\"\n               data-title=\"100_2789\"\n               data-description=\"\"\n               data-image-slug=\"100_2789\"\n               class=\"ngg-simplelightbox\" rel=\"0c2d938e20b82d691e46b5d402cffbef\">\n                <img\n                    title=\"100_2789\"\n                    alt=\"100_2789\"\n                    src=\"https:\/\/spbuk.pl\/wp-content\/gallery\/udzial-kola-tanecznego-w-obchodach-100-rocznicy-odzyskania-niepodleglosci_2018\/thumbs\/thumbs_100_2789.jpg\"\n                    width=\"240\"\n                    height=\"160\"\n                    style=\"max-width:100%;\"\n                \/>\n            <\/a>\n        <\/div>\n\t\t\t\t\t\t\t<\/div> \n\t\t\t\n\t\t\t\t<div id=\"ngg-image-5\" class=\"ngg-gallery-thumbnail-box \" >\n\t\t\t\t        <div class=\"ngg-gallery-thumbnail\">\n            <a href=\"https:\/\/spbuk.pl\/wp-content\/gallery\/udzial-kola-tanecznego-w-obchodach-100-rocznicy-odzyskania-niepodleglosci_2018\/100_2782.jpg\"\n               title=\"\"\n               data-src=\"https:\/\/spbuk.pl\/wp-content\/gallery\/udzial-kola-tanecznego-w-obchodach-100-rocznicy-odzyskania-niepodleglosci_2018\/100_2782.jpg\"\n               data-thumbnail=\"https:\/\/spbuk.pl\/wp-content\/gallery\/udzial-kola-tanecznego-w-obchodach-100-rocznicy-odzyskania-niepodleglosci_2018\/thumbs\/thumbs_100_2782.jpg\"\n               data-image-id=\"13159\"\n               data-title=\"100_2782\"\n               data-description=\"\"\n               data-image-slug=\"100_2782\"\n               class=\"ngg-simplelightbox\" rel=\"0c2d938e20b82d691e46b5d402cffbef\">\n                <img\n                    title=\"100_2782\"\n                    alt=\"100_2782\"\n                    src=\"https:\/\/spbuk.pl\/wp-content\/gallery\/udzial-kola-tanecznego-w-obchodach-100-rocznicy-odzyskania-niepodleglosci_2018\/thumbs\/thumbs_100_2782.jpg\"\n                    width=\"240\"\n                    height=\"160\"\n                    style=\"max-width:100%;\"\n                \/>\n            <\/a>\n        <\/div>\n\t\t\t\t\t\t\t<\/div> \n\t\t\t\n\t\t\t\t<div id=\"ngg-image-6\" class=\"ngg-gallery-thumbnail-box \" >\n\t\t\t\t        <div class=\"ngg-gallery-thumbnail\">\n            <a href=\"https:\/\/spbuk.pl\/wp-content\/gallery\/udzial-kola-tanecznego-w-obchodach-100-rocznicy-odzyskania-niepodleglosci_2018\/100_2795.jpg\"\n               title=\"\"\n               data-src=\"https:\/\/spbuk.pl\/wp-content\/gallery\/udzial-kola-tanecznego-w-obchodach-100-rocznicy-odzyskania-niepodleglosci_2018\/100_2795.jpg\"\n               data-thumbnail=\"https:\/\/spbuk.pl\/wp-content\/gallery\/udzial-kola-tanecznego-w-obchodach-100-rocznicy-odzyskania-niepodleglosci_2018\/thumbs\/thumbs_100_2795.jpg\"\n               data-image-id=\"13160\"\n               data-title=\"100_2795\"\n               data-description=\"\"\n               data-image-slug=\"100_2795\"\n               class=\"ngg-simplelightbox\" rel=\"0c2d938e20b82d691e46b5d402cffbef\">\n                <img\n                    title=\"100_2795\"\n                    alt=\"100_2795\"\n                    src=\"https:\/\/spbuk.pl\/wp-content\/gallery\/udzial-kola-tanecznego-w-obchodach-100-rocznicy-odzyskania-niepodleglosci_2018\/thumbs\/thumbs_100_2795.jpg\"\n                    width=\"240\"\n                    height=\"160\"\n                    style=\"max-width:100%;\"\n                \/>\n            <\/a>\n        <\/div>\n\t\t\t\t\t\t\t<\/div> \n\t\t\t\n\t\t\t\t<div id=\"ngg-image-7\" class=\"ngg-gallery-thumbnail-box \" >\n\t\t\t\t        <div class=\"ngg-gallery-thumbnail\">\n            <a href=\"https:\/\/spbuk.pl\/wp-content\/gallery\/udzial-kola-tanecznego-w-obchodach-100-rocznicy-odzyskania-niepodleglosci_2018\/100_2798.jpg\"\n               title=\"\"\n               data-src=\"https:\/\/spbuk.pl\/wp-content\/gallery\/udzial-kola-tanecznego-w-obchodach-100-rocznicy-odzyskania-niepodleglosci_2018\/100_2798.jpg\"\n               data-thumbnail=\"https:\/\/spbuk.pl\/wp-content\/gallery\/udzial-kola-tanecznego-w-obchodach-100-rocznicy-odzyskania-niepodleglosci_2018\/thumbs\/thumbs_100_2798.jpg\"\n               data-image-id=\"13161\"\n               data-title=\"100_2798\"\n               data-description=\"\"\n               data-image-slug=\"100_2798\"\n               class=\"ngg-simplelightbox\" rel=\"0c2d938e20b82d691e46b5d402cffbef\">\n                <img\n                    title=\"100_2798\"\n                    alt=\"100_2798\"\n                    src=\"https:\/\/spbuk.pl\/wp-content\/gallery\/udzial-kola-tanecznego-w-obchodach-100-rocznicy-odzyskania-niepodleglosci_2018\/thumbs\/thumbs_100_2798.jpg\"\n                    width=\"240\"\n                    height=\"160\"\n                    style=\"max-width:100%;\"\n                \/>\n            <\/a>\n        <\/div>\n\t\t\t\t\t\t\t<\/div> \n\t\t\t\n\t\t\t\t<div id=\"ngg-image-8\" class=\"ngg-gallery-thumbnail-box \" >\n\t\t\t\t        <div class=\"ngg-gallery-thumbnail\">\n            <a href=\"https:\/\/spbuk.pl\/wp-content\/gallery\/udzial-kola-tanecznego-w-obchodach-100-rocznicy-odzyskania-niepodleglosci_2018\/100_2799.jpg\"\n               title=\"\"\n               data-src=\"https:\/\/spbuk.pl\/wp-content\/gallery\/udzial-kola-tanecznego-w-obchodach-100-rocznicy-odzyskania-niepodleglosci_2018\/100_2799.jpg\"\n               data-thumbnail=\"https:\/\/spbuk.pl\/wp-content\/gallery\/udzial-kola-tanecznego-w-obchodach-100-rocznicy-odzyskania-niepodleglosci_2018\/thumbs\/thumbs_100_2799.jpg\"\n               data-image-id=\"13162\"\n               data-title=\"100_2799\"\n               data-description=\"\"\n               data-image-slug=\"100_2799\"\n               class=\"ngg-simplelightbox\" rel=\"0c2d938e20b82d691e46b5d402cffbef\">\n                <img\n                    title=\"100_2799\"\n                    alt=\"100_2799\"\n                    src=\"https:\/\/spbuk.pl\/wp-content\/gallery\/udzial-kola-tanecznego-w-obchodach-100-rocznicy-odzyskania-niepodleglosci_2018\/thumbs\/thumbs_100_2799.jpg\"\n                    width=\"240\"\n                    height=\"160\"\n                    style=\"max-width:100%;\"\n                \/>\n            <\/a>\n        <\/div>\n\t\t\t\t\t\t\t<\/div> \n\t\t\t\n\t\n\t<br style=\"clear: both\" \/>\n\n\t\n\t\t<!-- Pagination -->\n\t<div class='ngg-clear'><\/div>\t<\/div>\n\n","protected":false},"excerpt":{"rendered":"","protected":false},"author":2,"featured_media":0,"comment_status":"closed","ping_status":"open","sticky":false,"template":"","format":"standard","meta":{"ngg_post_thumbnail":0,"footnotes":""},"categories":[23],"tags":[],"class_list":["post-6232","post","type-post","status-publish","format-standard","hentry","category-aktualnosci"],"_links":{"self":[{"href":"https:\/\/spbuk.pl\/index.php?rest_route=\/wp\/v2\/posts\/6232","targetHints":{"allow":["GET"]}}],"collection":[{"href":"https:\/\/spbuk.pl\/index.php?rest_route=\/wp\/v2\/posts"}],"about":[{"href":"https:\/\/spbuk.pl\/index.php?rest_route=\/wp\/v2\/types\/post"}],"author":[{"embeddable":true,"href":"https:\/\/spbuk.pl\/index.php?rest_route=\/wp\/v2\/users\/2"}],"replies":[{"embeddable":true,"href":"https:\/\/spbuk.pl\/index.php?rest_route=%2Fwp%2Fv2%2Fcomments&post=6232"}],"version-history":[{"count":2,"href":"https:\/\/spbuk.pl\/index.php?rest_route=\/wp\/v2\/posts\/6232\/revisions"}],"predecessor-version":[{"id":38656,"href":"https:\/\/spbuk.pl\/index.php?rest_route=\/wp\/v2\/posts\/6232\/revisions\/38656"}],"wp:attachment":[{"href":"https:\/\/spbuk.pl\/index.php?rest_route=%2Fwp%2Fv2%2Fmedia&parent=6232"}],"wp:term":[{"taxonomy":"category","embeddable":true,"href":"https:\/\/spbuk.pl\/index.php?rest_route=%2Fwp%2Fv2%2Fcategories&post=6232"},{"taxonomy":"post_tag","embeddable":true,"href":"https:\/\/spbuk.pl\/index.php?rest_route=%2Fwp%2Fv2%2Ftags&post=6232"}],"curies":[{"name":"wp","href":"https:\/\/api.w.org\/{rel}","templated":true}]}}