{"id":6183,"date":"2018-11-06T14:44:12","date_gmt":"2018-11-06T13:44:12","guid":{"rendered":"http:\/\/spbuk.pl\/?p=6183"},"modified":"2025-10-31T17:57:54","modified_gmt":"2025-10-31T16:57:54","slug":"dzien-patrona-szkoly-9-listopada-2018r","status":"publish","type":"post","link":"https:\/\/spbuk.pl\/?p=6183","title":{"rendered":"Dzie\u0144 Patrona Szko\u0142y &#8211; 9 listopada 2018r."},"content":{"rendered":"<p><strong><u>Klasy 1-3<\/u><\/strong><\/p>\n<p>9.00 \u2013 10.45 \u2013 spotkanie z wychowawc\u0105 w sali&nbsp;<\/p>\n<p>10.45 \u2013 ok. 11.30 \u2013 uroczyste spotkanie w sali OSiR po\u0142\u0105czone z od\u015bpiewaniem hymnu o godz. 11.11<\/p>\n<p>11.30 &#8211; 12.30 \u2013 Msza \u015aw.<\/p>\n<p><strong><u>Klasy 4<\/u><\/strong><\/p>\n<p>9.00 \u2013 10.45 \u2013 spotkanie z wychowawc\u0105 w sali<\/p>\n<p>10.45 \u2013 &nbsp;ok. 11.30 \u2013 uroczyste spotkanie w sali OSiR po\u0142\u0105czone z od\u015bpiewaniem hymnu o godz. 11.11<\/p>\n<p>11.30 &#8211; 12.30 \u2013 Msza \u015aw.<\/p>\n<p><strong><u>Klasy<\/u><\/strong><strong><u> 5 i 6<\/u><\/strong><\/p>\n<p>8.00 \u2013 8.45 \u2013 Msza \u015aw.<\/p>\n<p>8.45 \u2013 10.45 \u2013 zaj\u0119cia z wychowawc\u0105<\/p>\n<p>10.45 \u2013 ok. 11.30 &#8211; uroczyste spotkanie w sali OSiR po\u0142\u0105czone z od\u015bpiewaniem hymnu o godz. 11.11<\/p>\n<p><strong><u>Klasy<\/u><\/strong><strong><u> 7<\/u><\/strong><\/p>\n<p>8.00 \u2013 8.45 \u2013 Msza \u015aw.<\/p>\n<p>9.00 \u2013 10.30 \u2013 udzia\u0142 w przedstawieniu \u201ePogodnej jesieni\u201d w Kinie Wielkopolanin<\/p>\n<p>10.45 \u2013 ok. 11.30 &#8211; uroczyste spotkanie w sali OSiR po\u0142\u0105czone z od\u015bpiewaniem hymnu o godz. 11.11<\/p>\n<p><strong><u>Klasy<\/u><\/strong><strong><u> 8<\/u><\/strong><\/p>\n<p>8.00 \u2013 8.45 \u2013 Msza \u015aw.<\/p>\n<p>8.45 \u2013 10.00 \u2013 zaj\u0119cia z wychowawc\u0105<\/p>\n<p>10.00 \u2013 10.45 \u2013 pr\u00f3ba ustawienia flagi w sali OSiR<\/p>\n<p>10.45 \u2013 ok. 11.30- uroczyste spotkanie w sali OSiR po\u0142\u0105czone z od\u015bpiewaniem hymnu o godz. 11.11<\/p>\n<p><strong><u>\u015awietlica <\/u><\/strong><strong><u>czynna<\/u><\/strong><strong><u> w godzinach: 7.00 \u2013 9.00 oraz 11.00-15.00<\/u><\/strong><\/p>\n<p><strong><u>Dowozy uczni\u00f3w:<\/u><\/strong><\/p>\n<p><strong>PRZYW\u00d3Z<\/strong><\/p>\n<table style=\"width: 95.3553%;\" width=\"599\">\n<tbody>\n<tr>\n<td style=\"width: 18.4991%;\" width=\"139\">Godzina wyjazdu<\/td>\n<td style=\"width: 66.174%;\" width=\"315\">kierunek<\/td>\n<td style=\"width: 30.5916%;\" width=\"146\">klasy<\/td>\n<\/tr>\n<tr>\n<td style=\"width: 18.4991%;\" width=\"139\">6.50<\/td>\n<td style=\"width: 66.174%;\" width=\"315\"><strong>Wielkawie\u015b, Wiktorowo<\/strong><\/td>\n<td style=\"width: 30.5916%;\" width=\"146\">Klasy 5-8<\/td>\n<\/tr>\n<tr>\n<td style=\"width: 18.4991%;\" width=\"139\">7.10<\/td>\n<td style=\"width: 66.174%;\" width=\"315\"><strong>Wysoczka, Otusz, \u017begowo <\/strong>Przedszkole Si\u00f3str i Przedszkole Ha\u0142aba\u0142y<\/td>\n<td style=\"width: 30.5916%;\" width=\"146\">Klasy 5-8<\/td>\n<\/tr>\n<\/tbody>\n<\/table>\n<p><strong>ODW\u00d3Z<\/strong><\/p>\n<table style=\"width: 94.1946%;\" width=\"596\">\n<tbody>\n<tr>\n<td style=\"width: 23.7774%;\" width=\"142\">Godzina wyjazdu<\/td>\n<td style=\"width: 61.8158%;\" width=\"312\">kierunek<\/td>\n<td style=\"width: 31.1016%;\" width=\"143\">klasy<\/td>\n<\/tr>\n<tr>\n<td style=\"width: 23.7774%;\" width=\"142\">11.45<\/td>\n<td style=\"width: 61.8158%;\" width=\"312\"><strong>Wysoczka, Otusz, \u017begowo, Wygoda<\/strong><\/td>\n<td style=\"width: 31.1016%;\" width=\"143\">Klasy 5-8<\/td>\n<\/tr>\n<tr>\n<td style=\"width: 23.7774%;\" width=\"142\">12.45<\/td>\n<td style=\"width: 61.8158%;\" width=\"312\"><strong>Wielkawie\u015b, Wiktorowo<\/strong><\/td>\n<td style=\"width: 31.1016%;\" width=\"143\">Klasy 1-8<\/td>\n<\/tr>\n<tr>\n<td style=\"width: 23.7774%;\" width=\"142\">13.15<\/td>\n<td style=\"width: 61.8158%;\" width=\"312\"><strong>Wysoczka, Otusz, \u017begowo, Wygoda <\/strong>Przedszkole Si\u00f3str i Przedszkole Ha\u0142aba\u0142y<\/td>\n<td style=\"width: 31.1016%;\" width=\"143\">Klasy 1-4<\/td>\n<\/tr>\n<\/tbody>\n<\/table>\n<p>WSZYSTKICH UCZNI\u00d3W OBOWI\u0104ZUJE TEGO DNIA STR\u00d3J GALOWY!<\/p>\n","protected":false},"excerpt":{"rendered":"<p>Klasy 1-3 9.00 \u2013 10.45 \u2013 spotkanie z wychowawc\u0105 w sali&nbsp; 10.45 \u2013 ok. 11.30 \u2013 uroczyste spotkanie w sali OSiR po\u0142\u0105czone z od\u015bpiewaniem hymnu o godz. 11.11 11.30 &#8211; 12.30 \u2013 Msza \u015aw. Klasy 4 9.00 \u2013 10.45 \u2013 spotkanie z wychowawc\u0105 w sali 10.45 \u2013 &nbsp;ok. 11.30 \u2013 [&hellip;]<\/p>\n","protected":false},"author":2,"featured_media":0,"comment_status":"closed","ping_status":"open","sticky":false,"template":"","format":"standard","meta":{"ngg_post_thumbnail":0,"footnotes":""},"categories":[23],"tags":[],"class_list":["post-6183","post","type-post","status-publish","format-standard","hentry","category-aktualnosci"],"_links":{"self":[{"href":"https:\/\/spbuk.pl\/index.php?rest_route=\/wp\/v2\/posts\/6183","targetHints":{"allow":["GET"]}}],"collection":[{"href":"https:\/\/spbuk.pl\/index.php?rest_route=\/wp\/v2\/posts"}],"about":[{"href":"https:\/\/spbuk.pl\/index.php?rest_route=\/wp\/v2\/types\/post"}],"author":[{"embeddable":true,"href":"https:\/\/spbuk.pl\/index.php?rest_route=\/wp\/v2\/users\/2"}],"replies":[{"embeddable":true,"href":"https:\/\/spbuk.pl\/index.php?rest_route=%2Fwp%2Fv2%2Fcomments&post=6183"}],"version-history":[{"count":1,"href":"https:\/\/spbuk.pl\/index.php?rest_route=\/wp\/v2\/posts\/6183\/revisions"}],"predecessor-version":[{"id":38614,"href":"https:\/\/spbuk.pl\/index.php?rest_route=\/wp\/v2\/posts\/6183\/revisions\/38614"}],"wp:attachment":[{"href":"https:\/\/spbuk.pl\/index.php?rest_route=%2Fwp%2Fv2%2Fmedia&parent=6183"}],"wp:term":[{"taxonomy":"category","embeddable":true,"href":"https:\/\/spbuk.pl\/index.php?rest_route=%2Fwp%2Fv2%2Fcategories&post=6183"},{"taxonomy":"post_tag","embeddable":true,"href":"https:\/\/spbuk.pl\/index.php?rest_route=%2Fwp%2Fv2%2Ftags&post=6183"}],"curies":[{"name":"wp","href":"https:\/\/api.w.org\/{rel}","templated":true}]}}