{"id":6086,"date":"2018-10-12T08:29:23","date_gmt":"2018-10-12T06:29:23","guid":{"rendered":"http:\/\/spbuk.pl\/?p=6086"},"modified":"2021-10-02T16:58:35","modified_gmt":"2021-10-02T14:58:35","slug":"list-rzecznika-praw-dziecka-marka-michalaka-z-okazji-dnia-edukacji-narodowej","status":"publish","type":"post","link":"https:\/\/spbuk.pl\/?p=6086","title":{"rendered":"List Rzecznika Praw Dziecka Marka Michalaka z okazji Dnia Edukacji Narodowej"},"content":{"rendered":"<p><!--more--><\/p>\n<p style=\"text-align: center;\"><strong><span style=\"color: #000080;\">List Rzecznika Praw Dziecka Marka Michalaka&nbsp;z okazji Dnia Edukacji Narodowej<\/span><\/strong><\/p>\n<p><em>Szanowni Pa\u0144stwo,<\/em><\/p>\n<p>pracownicy o\u015bwiaty nie tylko przekazuj\u0105 wiedz\u0119 i kszta\u0142tuj\u0105 kompetencje spo\u0142eczne, cz\u0119sto staj\u0105 si\u0119 r\u00f3wnie\u017c powiernikami m\u0142odych ludzi \u2013 ich przyjaci\u00f3\u0142mi i nierzadko jedynymi doros\u0142ymi osobami, kt\u00f3rym dzieci ufaj\u0105 i na kt\u00f3re mog\u0105 liczy\u0107. Niekiedy musz\u0105 zmierzy\u0107 si\u0119 z&nbsp;problemami, kt\u00f3rych nie chcieli lub potrafili rozwi\u0105za\u0107 rodzice. Najm\u0142odsi potrzebuj\u0105 m\u0105drych przewodnik\u00f3w po \u015bwiecie i zasadach nim rz\u0105dz\u0105cych, dlatego tak wa\u017cny jest czas po\u015bwi\u0119cony dziecku, ws\u0142uchanie si\u0119 z uwag\u0105 w jego g\u0142os i&nbsp;odpowiadanie na jego potrzeby. Ka\u017cde dziecko jest inne i potrzebuje zindywidualizowanego podej\u015bcia, dostosowanego do jego mo\u017cliwo\u015bci, umiej\u0119tno\u015bci i potrzeb. Jedynie takie dzia\u0142anie zapewni najm\u0142odszym pe\u0142ny i harmonijny rozw\u00f3j.<\/p>\n<p>Szczeg\u00f3lnie dzisiaj \u2013 w obliczu reformy edukacji \u2013 uczniowie potrzebuj\u0105 wyj\u0105tkowego wsparcia i&nbsp;zrozumienia. Wierz\u0119, \u017ce nie zabraknie Pa\u0144stwu si\u0142y i determinacji, aby pom\u00f3c dzieciom przetrwa\u0107 ten trudny dla nich okres. To&nbsp;od nas doros\u0142ych zale\u017cy jak je przygotujemy do doros\u0142ego \u017cycia i czy wyposa\u017cymy we wszystkie potrzebne umiej\u0119tno\u015bci.<\/p>\n<p>W tym wa\u017cnym i uroczystym dniu, po\u015br\u00f3d podzi\u0119kowa\u0144 i \u017cycze\u0144, prosz\u0119 r\u00f3wnie\u017c o refleksj\u0119 nad kondycj\u0105 polskiej szko\u0142y i jako\u015bci\u0105 oferowanego uczniom wsparcia edukacyjnego i&nbsp;wychowawczego. Prosz\u0119 pami\u0119ta\u0107, \u017ce ka\u017cdy&nbsp;z Pa\u0144stwa w swoim najbli\u017cszym otoczeniu, korzystaj\u0105c z w\u0142asnej wiedzy i&nbsp;do\u015bwiadczenia, mo\u017ce niejednokrotnie zrobi\u0107 wi\u0119cej dla dziecka ni\u017c wynika to z ustalonych prawem powinno\u015bci.<\/p>\n<p>Z ca\u0142ego serca dzi\u0119kuj\u0119 Pa\u0144stwu za zaanga\u017cowanie, cierpliwo\u015b\u0107 i codzienny trud, jaki wk\u0142adacie w&nbsp;proces kszta\u0142towania m\u0142odych ludzi oraz rozbudzanie w nich ciekawo\u015bci \u015bwiata. \u017bycz\u0119&nbsp; satysfakcjonuj\u0105cej pracy z&nbsp;dzie\u0107mi i&nbsp;m\u0142odzie\u017c\u0105, si\u0142y oraz wielu powod\u00f3w do rado\u015bci z&nbsp;podejmowanych dzia\u0142a\u0144.<\/p>\n<p><em>&nbsp;<\/em><\/p>\n<p><em>Z wyrazami szacunku,<\/em><\/p>\n<p>Marek Michalak Rzecznik Praw Dziecka<\/p>\n<p>&nbsp;<\/p>\n","protected":false},"excerpt":{"rendered":"","protected":false},"author":2,"featured_media":0,"comment_status":"closed","ping_status":"open","sticky":false,"template":"","format":"standard","meta":{"ngg_post_thumbnail":0,"footnotes":""},"categories":[23],"tags":[],"class_list":["post-6086","post","type-post","status-publish","format-standard","hentry","category-aktualnosci"],"_links":{"self":[{"href":"https:\/\/spbuk.pl\/index.php?rest_route=\/wp\/v2\/posts\/6086","targetHints":{"allow":["GET"]}}],"collection":[{"href":"https:\/\/spbuk.pl\/index.php?rest_route=\/wp\/v2\/posts"}],"about":[{"href":"https:\/\/spbuk.pl\/index.php?rest_route=\/wp\/v2\/types\/post"}],"author":[{"embeddable":true,"href":"https:\/\/spbuk.pl\/index.php?rest_route=\/wp\/v2\/users\/2"}],"replies":[{"embeddable":true,"href":"https:\/\/spbuk.pl\/index.php?rest_route=%2Fwp%2Fv2%2Fcomments&post=6086"}],"version-history":[{"count":1,"href":"https:\/\/spbuk.pl\/index.php?rest_route=\/wp\/v2\/posts\/6086\/revisions"}],"predecessor-version":[{"id":11692,"href":"https:\/\/spbuk.pl\/index.php?rest_route=\/wp\/v2\/posts\/6086\/revisions\/11692"}],"wp:attachment":[{"href":"https:\/\/spbuk.pl\/index.php?rest_route=%2Fwp%2Fv2%2Fmedia&parent=6086"}],"wp:term":[{"taxonomy":"category","embeddable":true,"href":"https:\/\/spbuk.pl\/index.php?rest_route=%2Fwp%2Fv2%2Fcategories&post=6086"},{"taxonomy":"post_tag","embeddable":true,"href":"https:\/\/spbuk.pl\/index.php?rest_route=%2Fwp%2Fv2%2Ftags&post=6086"}],"curies":[{"name":"wp","href":"https:\/\/api.w.org\/{rel}","templated":true}]}}