{"id":6046,"date":"2018-10-10T10:40:57","date_gmt":"2018-10-10T08:40:57","guid":{"rendered":"http:\/\/spbuk.pl\/?p=6046"},"modified":"2025-10-31T17:38:01","modified_gmt":"2025-10-31T16:38:01","slug":"rajd-porazyn-2018","status":"publish","type":"post","link":"https:\/\/spbuk.pl\/?p=6046","title":{"rendered":"RAJD  \u201ePORA\u017bYN  2018\u201d"},"content":{"rendered":"<p style=\"text-align: justify;\">7 pa\u017adziernika grupa 16 uczni\u00f3w &nbsp;naszej szko\u0142y pod opiek\u0105&nbsp; pani Agnieszki Wojciechowskiej&nbsp; wzi\u0119\u0142a udzia\u0142 w XXXIX Jesiennym Rajdzie Turystycznym do Pora\u017cyna, organizowanym przez PTTK O\/Buk, Nadle\u015bnictwo Grodzisk Wielkopolski i Urz\u0105d Miasta i Gminy Buk. Celem rajdu by\u0142o uczczenie 100 rocznicy odzyskania niepodleg\u0142o\u015bci, upowszechnianie turystyki w\u015br\u00f3d dzieci i m\u0142odzie\u017cy, zapoznanie uczestnik\u00f3w z pi\u0119knem okolic Pora\u017cyna, &nbsp;oraz promowanie ochrony \u015brodowiska.<\/p>\n<p style=\"text-align: justify;\">Dzielni uczestnicy rajdu rozpocz\u0119li swoj\u0105 turystyczn\u0105 w\u0119dr\u00f3wk\u0119 o godzinie 8.00 rano w niedziel\u0119. Przejechali autobusem z Buku do Opalenicy, sk\u0105d lasami i le\u015bnymi duktami, przez Sielinko, Kopanki &nbsp;kierowali si\u0119 do Pora\u017cyna. Rozkoszuj\u0105c si\u0119 pi\u0119knem jesiennej przyrody, wdychaj\u0105c \u015bwie\u017ce, rze\u015bkie powietrze, pokonali oko\u0142o 13 kilometr\u00f3w.<\/p>\n<p style=\"text-align: justify;\">Na mecie w Pora\u017cynie, czeka\u0142y na wszystkich wspania\u0142a groch\u00f3wka, pomidor\u00f3wka i chleb ze smalcem. Organizatorzy przygotowali te\u017c wiele konkurs\u00f3w i zabaw. Nasi uczniowie skakali w workach, pokonywali tor przeszk\u00f3d, rzucali kasztanami, wzi\u0119li udzia\u0142 w konkursie z chust\u0105, zajmuj\u0105c trzecie miejsce.&nbsp; Laura Szczerbowska z klasy 6a zaj\u0119\u0142a drugie miejsce w konkursie historycznym, a Aleksander Kaczmarek z klasy 6c, zaj\u0105\u0142 pierwsze miejsce w konkursie przyrodniczo \u2013 ekologicznym.<\/p>\n<!-- default-view.php -->\n<div\n\tclass=\"ngg-galleryoverview default-view \"\n\tid=\"ngg-gallery-6feef8378a50473d6dd2143270cf667d-1\">\n\n\t\t<!-- Thumbnails -->\n\t\t\t\t<div id=\"ngg-image-0\" class=\"ngg-gallery-thumbnail-box \" >\n\t\t\t\t        <div class=\"ngg-gallery-thumbnail\">\n            <a href=\"https:\/\/spbuk.pl\/wp-content\/gallery\/rajd-porazyn-2018\/100_2745.jpg\"\n               title=\"\"\n               data-src=\"https:\/\/spbuk.pl\/wp-content\/gallery\/rajd-porazyn-2018\/100_2745.jpg\"\n               data-thumbnail=\"https:\/\/spbuk.pl\/wp-content\/gallery\/rajd-porazyn-2018\/thumbs\/thumbs_100_2745.jpg\"\n               data-image-id=\"13083\"\n               data-title=\"100_2745\"\n               data-description=\"\"\n               data-image-slug=\"100_2745\"\n               class=\"ngg-simplelightbox\" rel=\"6feef8378a50473d6dd2143270cf667d\">\n                <img\n                    title=\"100_2745\"\n                    alt=\"100_2745\"\n                    src=\"https:\/\/spbuk.pl\/wp-content\/gallery\/rajd-porazyn-2018\/thumbs\/thumbs_100_2745.jpg\"\n                    width=\"240\"\n                    height=\"160\"\n                    style=\"max-width:100%;\"\n                \/>\n            <\/a>\n        <\/div>\n\t\t\t\t\t\t\t<\/div> \n\t\t\t\n\t\t\t\t<div id=\"ngg-image-1\" class=\"ngg-gallery-thumbnail-box \" >\n\t\t\t\t        <div class=\"ngg-gallery-thumbnail\">\n            <a href=\"https:\/\/spbuk.pl\/wp-content\/gallery\/rajd-porazyn-2018\/100_2740.jpg\"\n               title=\"\"\n               data-src=\"https:\/\/spbuk.pl\/wp-content\/gallery\/rajd-porazyn-2018\/100_2740.jpg\"\n               data-thumbnail=\"https:\/\/spbuk.pl\/wp-content\/gallery\/rajd-porazyn-2018\/thumbs\/thumbs_100_2740.jpg\"\n               data-image-id=\"13084\"\n               data-title=\"100_2740\"\n               data-description=\"\"\n               data-image-slug=\"100_2740\"\n               class=\"ngg-simplelightbox\" rel=\"6feef8378a50473d6dd2143270cf667d\">\n                <img\n                    title=\"100_2740\"\n                    alt=\"100_2740\"\n                    src=\"https:\/\/spbuk.pl\/wp-content\/gallery\/rajd-porazyn-2018\/thumbs\/thumbs_100_2740.jpg\"\n                    width=\"240\"\n                    height=\"160\"\n                    style=\"max-width:100%;\"\n                \/>\n            <\/a>\n        <\/div>\n\t\t\t\t\t\t\t<\/div> \n\t\t\t\n\t\t\t\t<div id=\"ngg-image-2\" class=\"ngg-gallery-thumbnail-box \" >\n\t\t\t\t        <div class=\"ngg-gallery-thumbnail\">\n            <a href=\"https:\/\/spbuk.pl\/wp-content\/gallery\/rajd-porazyn-2018\/100_2747.jpg\"\n               title=\"\"\n               data-src=\"https:\/\/spbuk.pl\/wp-content\/gallery\/rajd-porazyn-2018\/100_2747.jpg\"\n               data-thumbnail=\"https:\/\/spbuk.pl\/wp-content\/gallery\/rajd-porazyn-2018\/thumbs\/thumbs_100_2747.jpg\"\n               data-image-id=\"13085\"\n               data-title=\"100_2747\"\n               data-description=\"\"\n               data-image-slug=\"100_2747\"\n               class=\"ngg-simplelightbox\" rel=\"6feef8378a50473d6dd2143270cf667d\">\n                <img\n                    title=\"100_2747\"\n                    alt=\"100_2747\"\n                    src=\"https:\/\/spbuk.pl\/wp-content\/gallery\/rajd-porazyn-2018\/thumbs\/thumbs_100_2747.jpg\"\n                    width=\"240\"\n                    height=\"160\"\n                    style=\"max-width:100%;\"\n                \/>\n            <\/a>\n        <\/div>\n\t\t\t\t\t\t\t<\/div> \n\t\t\t\n\t\t\t\t<div id=\"ngg-image-3\" class=\"ngg-gallery-thumbnail-box \" >\n\t\t\t\t        <div class=\"ngg-gallery-thumbnail\">\n            <a href=\"https:\/\/spbuk.pl\/wp-content\/gallery\/rajd-porazyn-2018\/100_2746.jpg\"\n               title=\"\"\n               data-src=\"https:\/\/spbuk.pl\/wp-content\/gallery\/rajd-porazyn-2018\/100_2746.jpg\"\n               data-thumbnail=\"https:\/\/spbuk.pl\/wp-content\/gallery\/rajd-porazyn-2018\/thumbs\/thumbs_100_2746.jpg\"\n               data-image-id=\"13086\"\n               data-title=\"100_2746\"\n               data-description=\"\"\n               data-image-slug=\"100_2746\"\n               class=\"ngg-simplelightbox\" rel=\"6feef8378a50473d6dd2143270cf667d\">\n                <img\n                    title=\"100_2746\"\n                    alt=\"100_2746\"\n                    src=\"https:\/\/spbuk.pl\/wp-content\/gallery\/rajd-porazyn-2018\/thumbs\/thumbs_100_2746.jpg\"\n                    width=\"240\"\n                    height=\"160\"\n                    style=\"max-width:100%;\"\n                \/>\n            <\/a>\n        <\/div>\n\t\t\t\t\t\t\t<\/div> \n\t\t\t\n\t\t\t\t<div id=\"ngg-image-4\" class=\"ngg-gallery-thumbnail-box \" >\n\t\t\t\t        <div class=\"ngg-gallery-thumbnail\">\n            <a href=\"https:\/\/spbuk.pl\/wp-content\/gallery\/rajd-porazyn-2018\/100_2742.jpg\"\n               title=\"\"\n               data-src=\"https:\/\/spbuk.pl\/wp-content\/gallery\/rajd-porazyn-2018\/100_2742.jpg\"\n               data-thumbnail=\"https:\/\/spbuk.pl\/wp-content\/gallery\/rajd-porazyn-2018\/thumbs\/thumbs_100_2742.jpg\"\n               data-image-id=\"13087\"\n               data-title=\"100_2742\"\n               data-description=\"\"\n               data-image-slug=\"100_2742\"\n               class=\"ngg-simplelightbox\" rel=\"6feef8378a50473d6dd2143270cf667d\">\n                <img\n                    title=\"100_2742\"\n                    alt=\"100_2742\"\n                    src=\"https:\/\/spbuk.pl\/wp-content\/gallery\/rajd-porazyn-2018\/thumbs\/thumbs_100_2742.jpg\"\n                    width=\"240\"\n                    height=\"160\"\n                    style=\"max-width:100%;\"\n                \/>\n            <\/a>\n        <\/div>\n\t\t\t\t\t\t\t<\/div> \n\t\t\t\n\t\n\t<br style=\"clear: both\" \/>\n\n\t\n\t\t<!-- Pagination -->\n\t<div class='ngg-clear'><\/div>\t<\/div>\n\n","protected":false},"excerpt":{"rendered":"<p>7 pa\u017adziernika grupa 16 uczni\u00f3w &nbsp;naszej szko\u0142y pod opiek\u0105&nbsp; pani Agnieszki Wojciechowskiej&nbsp; wzi\u0119\u0142a udzia\u0142 w XXXIX Jesiennym Rajdzie Turystycznym do Pora\u017cyna, organizowanym przez PTTK O\/Buk, Nadle\u015bnictwo Grodzisk Wielkopolski i Urz\u0105d Miasta i Gminy Buk. Celem rajdu by\u0142o uczczenie 100 rocznicy odzyskania niepodleg\u0142o\u015bci, upowszechnianie turystyki w\u015br\u00f3d dzieci i m\u0142odzie\u017cy, zapoznanie uczestnik\u00f3w [&hellip;]<\/p>\n","protected":false},"author":2,"featured_media":0,"comment_status":"closed","ping_status":"open","sticky":false,"template":"","format":"standard","meta":{"ngg_post_thumbnail":0,"footnotes":""},"categories":[23,107],"tags":[],"class_list":["post-6046","post","type-post","status-publish","format-standard","hentry","category-aktualnosci","category-wycieczki"],"_links":{"self":[{"href":"https:\/\/spbuk.pl\/index.php?rest_route=\/wp\/v2\/posts\/6046","targetHints":{"allow":["GET"]}}],"collection":[{"href":"https:\/\/spbuk.pl\/index.php?rest_route=\/wp\/v2\/posts"}],"about":[{"href":"https:\/\/spbuk.pl\/index.php?rest_route=\/wp\/v2\/types\/post"}],"author":[{"embeddable":true,"href":"https:\/\/spbuk.pl\/index.php?rest_route=\/wp\/v2\/users\/2"}],"replies":[{"embeddable":true,"href":"https:\/\/spbuk.pl\/index.php?rest_route=%2Fwp%2Fv2%2Fcomments&post=6046"}],"version-history":[{"count":3,"href":"https:\/\/spbuk.pl\/index.php?rest_route=\/wp\/v2\/posts\/6046\/revisions"}],"predecessor-version":[{"id":38552,"href":"https:\/\/spbuk.pl\/index.php?rest_route=\/wp\/v2\/posts\/6046\/revisions\/38552"}],"wp:attachment":[{"href":"https:\/\/spbuk.pl\/index.php?rest_route=%2Fwp%2Fv2%2Fmedia&parent=6046"}],"wp:term":[{"taxonomy":"category","embeddable":true,"href":"https:\/\/spbuk.pl\/index.php?rest_route=%2Fwp%2Fv2%2Fcategories&post=6046"},{"taxonomy":"post_tag","embeddable":true,"href":"https:\/\/spbuk.pl\/index.php?rest_route=%2Fwp%2Fv2%2Ftags&post=6046"}],"curies":[{"name":"wp","href":"https:\/\/api.w.org\/{rel}","templated":true}]}}