{"id":4893,"date":"2018-01-05T22:50:19","date_gmt":"2018-01-05T21:50:19","guid":{"rendered":"http:\/\/spbuk.pl\/?p=4893"},"modified":"2025-10-31T15:06:37","modified_gmt":"2025-10-31T14:06:37","slug":"fotograficzne-wspomnienia-ze-szkolnych-jaselek","status":"publish","type":"post","link":"https:\/\/spbuk.pl\/?p=4893","title":{"rendered":"Fotograficzne wspomnienia ze szkolnych Jase\u0142ek"},"content":{"rendered":"<p style=\"text-align: left;\">21 grudnia odby\u0142y si\u0119 szkolne Jase\u0142ka. Dzi\u0119kujemy wszystkim za przybycie i wsp\u00f3lne sp\u0119dzenie tych przed\u015bwi\u0105tecznych chwil.<\/p>\n<!-- default-view.php -->\n<div\n\tclass=\"ngg-galleryoverview default-view \"\n\tid=\"ngg-gallery-009bf4b0537828f3c3bc7791d99a9dc1-1\">\n\n\t\t<!-- Thumbnails -->\n\t\t\t\t<div id=\"ngg-image-0\" class=\"ngg-gallery-thumbnail-box \" >\n\t\t\t\t        <div class=\"ngg-gallery-thumbnail\">\n            <a href=\"https:\/\/spbuk.pl\/wp-content\/gallery\/fotograficzne-wspomnienia-ze-szkolnych-jaselek_2017\/CSC_0793.jpg\"\n               title=\"\"\n               data-src=\"https:\/\/spbuk.pl\/wp-content\/gallery\/fotograficzne-wspomnienia-ze-szkolnych-jaselek_2017\/CSC_0793.jpg\"\n               data-thumbnail=\"https:\/\/spbuk.pl\/wp-content\/gallery\/fotograficzne-wspomnienia-ze-szkolnych-jaselek_2017\/thumbs\/thumbs_CSC_0793.jpg\"\n               data-image-id=\"12844\"\n               data-title=\"CSC_0793\"\n               data-description=\"\"\n               data-image-slug=\"csc_0793\"\n               class=\"ngg-simplelightbox\" rel=\"009bf4b0537828f3c3bc7791d99a9dc1\">\n                <img\n                    title=\"CSC_0793\"\n                    alt=\"CSC_0793\"\n                    src=\"https:\/\/spbuk.pl\/wp-content\/gallery\/fotograficzne-wspomnienia-ze-szkolnych-jaselek_2017\/thumbs\/thumbs_CSC_0793.jpg\"\n                    width=\"240\"\n                    height=\"160\"\n                    style=\"max-width:100%;\"\n                \/>\n            <\/a>\n        <\/div>\n\t\t\t\t\t\t\t<\/div> \n\t\t\t\n\t\t\t\t<div id=\"ngg-image-1\" class=\"ngg-gallery-thumbnail-box \" >\n\t\t\t\t        <div class=\"ngg-gallery-thumbnail\">\n            <a href=\"https:\/\/spbuk.pl\/wp-content\/gallery\/fotograficzne-wspomnienia-ze-szkolnych-jaselek_2017\/CSC_0781.jpg\"\n               title=\"\"\n               data-src=\"https:\/\/spbuk.pl\/wp-content\/gallery\/fotograficzne-wspomnienia-ze-szkolnych-jaselek_2017\/CSC_0781.jpg\"\n               data-thumbnail=\"https:\/\/spbuk.pl\/wp-content\/gallery\/fotograficzne-wspomnienia-ze-szkolnych-jaselek_2017\/thumbs\/thumbs_CSC_0781.jpg\"\n               data-image-id=\"12845\"\n               data-title=\"CSC_0781\"\n               data-description=\"\"\n               data-image-slug=\"csc_0781\"\n               class=\"ngg-simplelightbox\" rel=\"009bf4b0537828f3c3bc7791d99a9dc1\">\n                <img\n                    title=\"CSC_0781\"\n                    alt=\"CSC_0781\"\n                    src=\"https:\/\/spbuk.pl\/wp-content\/gallery\/fotograficzne-wspomnienia-ze-szkolnych-jaselek_2017\/thumbs\/thumbs_CSC_0781.jpg\"\n                    width=\"240\"\n                    height=\"160\"\n                    style=\"max-width:100%;\"\n                \/>\n            <\/a>\n        <\/div>\n\t\t\t\t\t\t\t<\/div> \n\t\t\t\n\t\t\t\t<div id=\"ngg-image-2\" class=\"ngg-gallery-thumbnail-box \" >\n\t\t\t\t        <div class=\"ngg-gallery-thumbnail\">\n            <a href=\"https:\/\/spbuk.pl\/wp-content\/gallery\/fotograficzne-wspomnienia-ze-szkolnych-jaselek_2017\/CSC_0791.jpg\"\n               title=\"\"\n               data-src=\"https:\/\/spbuk.pl\/wp-content\/gallery\/fotograficzne-wspomnienia-ze-szkolnych-jaselek_2017\/CSC_0791.jpg\"\n               data-thumbnail=\"https:\/\/spbuk.pl\/wp-content\/gallery\/fotograficzne-wspomnienia-ze-szkolnych-jaselek_2017\/thumbs\/thumbs_CSC_0791.jpg\"\n               data-image-id=\"12846\"\n               data-title=\"CSC_0791\"\n               data-description=\"\"\n               data-image-slug=\"csc_0791\"\n               class=\"ngg-simplelightbox\" rel=\"009bf4b0537828f3c3bc7791d99a9dc1\">\n                <img\n                    title=\"CSC_0791\"\n                    alt=\"CSC_0791\"\n                    src=\"https:\/\/spbuk.pl\/wp-content\/gallery\/fotograficzne-wspomnienia-ze-szkolnych-jaselek_2017\/thumbs\/thumbs_CSC_0791.jpg\"\n                    width=\"240\"\n                    height=\"160\"\n                    style=\"max-width:100%;\"\n                \/>\n            <\/a>\n        <\/div>\n\t\t\t\t\t\t\t<\/div> \n\t\t\t\n\t\t\t\t<div id=\"ngg-image-3\" class=\"ngg-gallery-thumbnail-box \" >\n\t\t\t\t        <div class=\"ngg-gallery-thumbnail\">\n            <a href=\"https:\/\/spbuk.pl\/wp-content\/gallery\/fotograficzne-wspomnienia-ze-szkolnych-jaselek_2017\/DSC_0579.jpg\"\n               title=\"\"\n               data-src=\"https:\/\/spbuk.pl\/wp-content\/gallery\/fotograficzne-wspomnienia-ze-szkolnych-jaselek_2017\/DSC_0579.jpg\"\n               data-thumbnail=\"https:\/\/spbuk.pl\/wp-content\/gallery\/fotograficzne-wspomnienia-ze-szkolnych-jaselek_2017\/thumbs\/thumbs_DSC_0579.jpg\"\n               data-image-id=\"12847\"\n               data-title=\"DSC_0579\"\n               data-description=\"\"\n               data-image-slug=\"dsc_0579-1\"\n               class=\"ngg-simplelightbox\" rel=\"009bf4b0537828f3c3bc7791d99a9dc1\">\n                <img\n                    title=\"DSC_0579\"\n                    alt=\"DSC_0579\"\n                    src=\"https:\/\/spbuk.pl\/wp-content\/gallery\/fotograficzne-wspomnienia-ze-szkolnych-jaselek_2017\/thumbs\/thumbs_DSC_0579.jpg\"\n                    width=\"240\"\n                    height=\"160\"\n                    style=\"max-width:100%;\"\n                \/>\n            <\/a>\n        <\/div>\n\t\t\t\t\t\t\t<\/div> \n\t\t\t\n\t\t\t\t<div id=\"ngg-image-4\" class=\"ngg-gallery-thumbnail-box \" >\n\t\t\t\t        <div class=\"ngg-gallery-thumbnail\">\n            <a href=\"https:\/\/spbuk.pl\/wp-content\/gallery\/fotograficzne-wspomnienia-ze-szkolnych-jaselek_2017\/DSC_0518.jpg\"\n               title=\"\"\n               data-src=\"https:\/\/spbuk.pl\/wp-content\/gallery\/fotograficzne-wspomnienia-ze-szkolnych-jaselek_2017\/DSC_0518.jpg\"\n               data-thumbnail=\"https:\/\/spbuk.pl\/wp-content\/gallery\/fotograficzne-wspomnienia-ze-szkolnych-jaselek_2017\/thumbs\/thumbs_DSC_0518.jpg\"\n               data-image-id=\"12848\"\n               data-title=\"DSC_0518\"\n               data-description=\"\"\n               data-image-slug=\"dsc_0518\"\n               class=\"ngg-simplelightbox\" rel=\"009bf4b0537828f3c3bc7791d99a9dc1\">\n                <img\n                    title=\"DSC_0518\"\n                    alt=\"DSC_0518\"\n                    src=\"https:\/\/spbuk.pl\/wp-content\/gallery\/fotograficzne-wspomnienia-ze-szkolnych-jaselek_2017\/thumbs\/thumbs_DSC_0518.jpg\"\n                    width=\"240\"\n                    height=\"160\"\n                    style=\"max-width:100%;\"\n                \/>\n            <\/a>\n        <\/div>\n\t\t\t\t\t\t\t<\/div> \n\t\t\t\n\t\t\t\t<div id=\"ngg-image-5\" class=\"ngg-gallery-thumbnail-box \" >\n\t\t\t\t        <div class=\"ngg-gallery-thumbnail\">\n            <a href=\"https:\/\/spbuk.pl\/wp-content\/gallery\/fotograficzne-wspomnienia-ze-szkolnych-jaselek_2017\/DSC_0580.jpg\"\n               title=\"\"\n               data-src=\"https:\/\/spbuk.pl\/wp-content\/gallery\/fotograficzne-wspomnienia-ze-szkolnych-jaselek_2017\/DSC_0580.jpg\"\n               data-thumbnail=\"https:\/\/spbuk.pl\/wp-content\/gallery\/fotograficzne-wspomnienia-ze-szkolnych-jaselek_2017\/thumbs\/thumbs_DSC_0580.jpg\"\n               data-image-id=\"12849\"\n               data-title=\"DSC_0580\"\n               data-description=\"\"\n               data-image-slug=\"dsc_0580\"\n               class=\"ngg-simplelightbox\" rel=\"009bf4b0537828f3c3bc7791d99a9dc1\">\n                <img\n                    title=\"DSC_0580\"\n                    alt=\"DSC_0580\"\n                    src=\"https:\/\/spbuk.pl\/wp-content\/gallery\/fotograficzne-wspomnienia-ze-szkolnych-jaselek_2017\/thumbs\/thumbs_DSC_0580.jpg\"\n                    width=\"240\"\n                    height=\"160\"\n                    style=\"max-width:100%;\"\n                \/>\n            <\/a>\n        <\/div>\n\t\t\t\t\t\t\t<\/div> \n\t\t\t\n\t\t\t\t<div id=\"ngg-image-6\" class=\"ngg-gallery-thumbnail-box \" >\n\t\t\t\t        <div class=\"ngg-gallery-thumbnail\">\n            <a href=\"https:\/\/spbuk.pl\/wp-content\/gallery\/fotograficzne-wspomnienia-ze-szkolnych-jaselek_2017\/DSC_0590a.jpg\"\n               title=\"\"\n               data-src=\"https:\/\/spbuk.pl\/wp-content\/gallery\/fotograficzne-wspomnienia-ze-szkolnych-jaselek_2017\/DSC_0590a.jpg\"\n               data-thumbnail=\"https:\/\/spbuk.pl\/wp-content\/gallery\/fotograficzne-wspomnienia-ze-szkolnych-jaselek_2017\/thumbs\/thumbs_DSC_0590a.jpg\"\n               data-image-id=\"12850\"\n               data-title=\"DSC_0590a\"\n               data-description=\"\"\n               data-image-slug=\"dsc_0590a\"\n               class=\"ngg-simplelightbox\" rel=\"009bf4b0537828f3c3bc7791d99a9dc1\">\n                <img\n                    title=\"DSC_0590a\"\n                    alt=\"DSC_0590a\"\n                    src=\"https:\/\/spbuk.pl\/wp-content\/gallery\/fotograficzne-wspomnienia-ze-szkolnych-jaselek_2017\/thumbs\/thumbs_DSC_0590a.jpg\"\n                    width=\"240\"\n                    height=\"160\"\n                    style=\"max-width:100%;\"\n                \/>\n            <\/a>\n        <\/div>\n\t\t\t\t\t\t\t<\/div> \n\t\t\t\n\t\t\t\t<div id=\"ngg-image-7\" class=\"ngg-gallery-thumbnail-box \" >\n\t\t\t\t        <div class=\"ngg-gallery-thumbnail\">\n            <a href=\"https:\/\/spbuk.pl\/wp-content\/gallery\/fotograficzne-wspomnienia-ze-szkolnych-jaselek_2017\/DSC_0604.jpg\"\n               title=\"\"\n               data-src=\"https:\/\/spbuk.pl\/wp-content\/gallery\/fotograficzne-wspomnienia-ze-szkolnych-jaselek_2017\/DSC_0604.jpg\"\n               data-thumbnail=\"https:\/\/spbuk.pl\/wp-content\/gallery\/fotograficzne-wspomnienia-ze-szkolnych-jaselek_2017\/thumbs\/thumbs_DSC_0604.jpg\"\n               data-image-id=\"12851\"\n               data-title=\"DSC_0604\"\n               data-description=\"\"\n               data-image-slug=\"dsc_0604\"\n               class=\"ngg-simplelightbox\" rel=\"009bf4b0537828f3c3bc7791d99a9dc1\">\n                <img\n                    title=\"DSC_0604\"\n                    alt=\"DSC_0604\"\n                    src=\"https:\/\/spbuk.pl\/wp-content\/gallery\/fotograficzne-wspomnienia-ze-szkolnych-jaselek_2017\/thumbs\/thumbs_DSC_0604.jpg\"\n                    width=\"240\"\n                    height=\"160\"\n                    style=\"max-width:100%;\"\n                \/>\n            <\/a>\n        <\/div>\n\t\t\t\t\t\t\t<\/div> \n\t\t\t\n\t\t\t\t<div id=\"ngg-image-8\" class=\"ngg-gallery-thumbnail-box \" >\n\t\t\t\t        <div class=\"ngg-gallery-thumbnail\">\n            <a href=\"https:\/\/spbuk.pl\/wp-content\/gallery\/fotograficzne-wspomnienia-ze-szkolnych-jaselek_2017\/DSC_0625.jpg\"\n               title=\"\"\n               data-src=\"https:\/\/spbuk.pl\/wp-content\/gallery\/fotograficzne-wspomnienia-ze-szkolnych-jaselek_2017\/DSC_0625.jpg\"\n               data-thumbnail=\"https:\/\/spbuk.pl\/wp-content\/gallery\/fotograficzne-wspomnienia-ze-szkolnych-jaselek_2017\/thumbs\/thumbs_DSC_0625.jpg\"\n               data-image-id=\"12852\"\n               data-title=\"DSC_0625\"\n               data-description=\"\"\n               data-image-slug=\"dsc_0625\"\n               class=\"ngg-simplelightbox\" rel=\"009bf4b0537828f3c3bc7791d99a9dc1\">\n                <img\n                    title=\"DSC_0625\"\n                    alt=\"DSC_0625\"\n                    src=\"https:\/\/spbuk.pl\/wp-content\/gallery\/fotograficzne-wspomnienia-ze-szkolnych-jaselek_2017\/thumbs\/thumbs_DSC_0625.jpg\"\n                    width=\"240\"\n                    height=\"160\"\n                    style=\"max-width:100%;\"\n                \/>\n            <\/a>\n        <\/div>\n\t\t\t\t\t\t\t<\/div> \n\t\t\t\n\t\t\t\t<div id=\"ngg-image-9\" class=\"ngg-gallery-thumbnail-box \" >\n\t\t\t\t        <div class=\"ngg-gallery-thumbnail\">\n            <a href=\"https:\/\/spbuk.pl\/wp-content\/gallery\/fotograficzne-wspomnienia-ze-szkolnych-jaselek_2017\/DSC_0694.jpg\"\n               title=\"\"\n               data-src=\"https:\/\/spbuk.pl\/wp-content\/gallery\/fotograficzne-wspomnienia-ze-szkolnych-jaselek_2017\/DSC_0694.jpg\"\n               data-thumbnail=\"https:\/\/spbuk.pl\/wp-content\/gallery\/fotograficzne-wspomnienia-ze-szkolnych-jaselek_2017\/thumbs\/thumbs_DSC_0694.jpg\"\n               data-image-id=\"12853\"\n               data-title=\"DSC_0694\"\n               data-description=\"\"\n               data-image-slug=\"dsc_0694\"\n               class=\"ngg-simplelightbox\" rel=\"009bf4b0537828f3c3bc7791d99a9dc1\">\n                <img\n                    title=\"DSC_0694\"\n                    alt=\"DSC_0694\"\n                    src=\"https:\/\/spbuk.pl\/wp-content\/gallery\/fotograficzne-wspomnienia-ze-szkolnych-jaselek_2017\/thumbs\/thumbs_DSC_0694.jpg\"\n                    width=\"240\"\n                    height=\"160\"\n                    style=\"max-width:100%;\"\n                \/>\n            <\/a>\n        <\/div>\n\t\t\t\t\t\t\t<\/div> \n\t\t\t\n\t\t\t\t<div id=\"ngg-image-10\" class=\"ngg-gallery-thumbnail-box \" >\n\t\t\t\t        <div class=\"ngg-gallery-thumbnail\">\n            <a href=\"https:\/\/spbuk.pl\/wp-content\/gallery\/fotograficzne-wspomnienia-ze-szkolnych-jaselek_2017\/DSC_0706a.jpg\"\n               title=\"\"\n               data-src=\"https:\/\/spbuk.pl\/wp-content\/gallery\/fotograficzne-wspomnienia-ze-szkolnych-jaselek_2017\/DSC_0706a.jpg\"\n               data-thumbnail=\"https:\/\/spbuk.pl\/wp-content\/gallery\/fotograficzne-wspomnienia-ze-szkolnych-jaselek_2017\/thumbs\/thumbs_DSC_0706a.jpg\"\n               data-image-id=\"12854\"\n               data-title=\"DSC_0706a\"\n               data-description=\"\"\n               data-image-slug=\"dsc_0706a\"\n               class=\"ngg-simplelightbox\" rel=\"009bf4b0537828f3c3bc7791d99a9dc1\">\n                <img\n                    title=\"DSC_0706a\"\n                    alt=\"DSC_0706a\"\n                    src=\"https:\/\/spbuk.pl\/wp-content\/gallery\/fotograficzne-wspomnienia-ze-szkolnych-jaselek_2017\/thumbs\/thumbs_DSC_0706a.jpg\"\n                    width=\"240\"\n                    height=\"160\"\n                    style=\"max-width:100%;\"\n                \/>\n            <\/a>\n        <\/div>\n\t\t\t\t\t\t\t<\/div> \n\t\t\t\n\t\t\t\t<div id=\"ngg-image-11\" class=\"ngg-gallery-thumbnail-box \" >\n\t\t\t\t        <div class=\"ngg-gallery-thumbnail\">\n            <a href=\"https:\/\/spbuk.pl\/wp-content\/gallery\/fotograficzne-wspomnienia-ze-szkolnych-jaselek_2017\/DSC_0712.jpg\"\n               title=\"\"\n               data-src=\"https:\/\/spbuk.pl\/wp-content\/gallery\/fotograficzne-wspomnienia-ze-szkolnych-jaselek_2017\/DSC_0712.jpg\"\n               data-thumbnail=\"https:\/\/spbuk.pl\/wp-content\/gallery\/fotograficzne-wspomnienia-ze-szkolnych-jaselek_2017\/thumbs\/thumbs_DSC_0712.jpg\"\n               data-image-id=\"12855\"\n               data-title=\"DSC_0712\"\n               data-description=\"\"\n               data-image-slug=\"dsc_0712\"\n               class=\"ngg-simplelightbox\" rel=\"009bf4b0537828f3c3bc7791d99a9dc1\">\n                <img\n                    title=\"DSC_0712\"\n                    alt=\"DSC_0712\"\n                    src=\"https:\/\/spbuk.pl\/wp-content\/gallery\/fotograficzne-wspomnienia-ze-szkolnych-jaselek_2017\/thumbs\/thumbs_DSC_0712.jpg\"\n                    width=\"240\"\n                    height=\"160\"\n                    style=\"max-width:100%;\"\n                \/>\n            <\/a>\n        <\/div>\n\t\t\t\t\t\t\t<\/div> \n\t\t\t\n\t\t\t\t<div id=\"ngg-image-12\" class=\"ngg-gallery-thumbnail-box \" >\n\t\t\t\t        <div class=\"ngg-gallery-thumbnail\">\n            <a href=\"https:\/\/spbuk.pl\/wp-content\/gallery\/fotograficzne-wspomnienia-ze-szkolnych-jaselek_2017\/DSC_0725.jpg\"\n               title=\"\"\n               data-src=\"https:\/\/spbuk.pl\/wp-content\/gallery\/fotograficzne-wspomnienia-ze-szkolnych-jaselek_2017\/DSC_0725.jpg\"\n               data-thumbnail=\"https:\/\/spbuk.pl\/wp-content\/gallery\/fotograficzne-wspomnienia-ze-szkolnych-jaselek_2017\/thumbs\/thumbs_DSC_0725.jpg\"\n               data-image-id=\"12856\"\n               data-title=\"DSC_0725\"\n               data-description=\"\"\n               data-image-slug=\"dsc_0725\"\n               class=\"ngg-simplelightbox\" rel=\"009bf4b0537828f3c3bc7791d99a9dc1\">\n                <img\n                    title=\"DSC_0725\"\n                    alt=\"DSC_0725\"\n                    src=\"https:\/\/spbuk.pl\/wp-content\/gallery\/fotograficzne-wspomnienia-ze-szkolnych-jaselek_2017\/thumbs\/thumbs_DSC_0725.jpg\"\n                    width=\"240\"\n                    height=\"160\"\n                    style=\"max-width:100%;\"\n                \/>\n            <\/a>\n        <\/div>\n\t\t\t\t\t\t\t<\/div> \n\t\t\t\n\t\t\t\t<div id=\"ngg-image-13\" class=\"ngg-gallery-thumbnail-box \" >\n\t\t\t\t        <div class=\"ngg-gallery-thumbnail\">\n            <a href=\"https:\/\/spbuk.pl\/wp-content\/gallery\/fotograficzne-wspomnienia-ze-szkolnych-jaselek_2017\/DSC_0744.jpg\"\n               title=\"\"\n               data-src=\"https:\/\/spbuk.pl\/wp-content\/gallery\/fotograficzne-wspomnienia-ze-szkolnych-jaselek_2017\/DSC_0744.jpg\"\n               data-thumbnail=\"https:\/\/spbuk.pl\/wp-content\/gallery\/fotograficzne-wspomnienia-ze-szkolnych-jaselek_2017\/thumbs\/thumbs_DSC_0744.jpg\"\n               data-image-id=\"12857\"\n               data-title=\"DSC_0744\"\n               data-description=\"\"\n               data-image-slug=\"dsc_0744\"\n               class=\"ngg-simplelightbox\" rel=\"009bf4b0537828f3c3bc7791d99a9dc1\">\n                <img\n                    title=\"DSC_0744\"\n                    alt=\"DSC_0744\"\n                    src=\"https:\/\/spbuk.pl\/wp-content\/gallery\/fotograficzne-wspomnienia-ze-szkolnych-jaselek_2017\/thumbs\/thumbs_DSC_0744.jpg\"\n                    width=\"240\"\n                    height=\"160\"\n                    style=\"max-width:100%;\"\n                \/>\n            <\/a>\n        <\/div>\n\t\t\t\t\t\t\t<\/div> \n\t\t\t\n\t\t\t\t<div id=\"ngg-image-14\" class=\"ngg-gallery-thumbnail-box \" >\n\t\t\t\t        <div class=\"ngg-gallery-thumbnail\">\n            <a href=\"https:\/\/spbuk.pl\/wp-content\/gallery\/fotograficzne-wspomnienia-ze-szkolnych-jaselek_2017\/DSC_0756.jpg\"\n               title=\"\"\n               data-src=\"https:\/\/spbuk.pl\/wp-content\/gallery\/fotograficzne-wspomnienia-ze-szkolnych-jaselek_2017\/DSC_0756.jpg\"\n               data-thumbnail=\"https:\/\/spbuk.pl\/wp-content\/gallery\/fotograficzne-wspomnienia-ze-szkolnych-jaselek_2017\/thumbs\/thumbs_DSC_0756.jpg\"\n               data-image-id=\"12858\"\n               data-title=\"DSC_0756\"\n               data-description=\"\"\n               data-image-slug=\"dsc_0756\"\n               class=\"ngg-simplelightbox\" rel=\"009bf4b0537828f3c3bc7791d99a9dc1\">\n                <img\n                    title=\"DSC_0756\"\n                    alt=\"DSC_0756\"\n                    src=\"https:\/\/spbuk.pl\/wp-content\/gallery\/fotograficzne-wspomnienia-ze-szkolnych-jaselek_2017\/thumbs\/thumbs_DSC_0756.jpg\"\n                    width=\"240\"\n                    height=\"160\"\n                    style=\"max-width:100%;\"\n                \/>\n            <\/a>\n        <\/div>\n\t\t\t\t\t\t\t<\/div> \n\t\t\t\n\t\n\t<br style=\"clear: both\" \/>\n\n\t\n\t\t<!-- Pagination -->\n\t<div class='ngg-clear'><\/div>\t<\/div>\n\n<p>&nbsp;<\/p>\n<p>&nbsp;<\/p>\n<p>&nbsp;<\/p>\n<p>&nbsp;<\/p>\n","protected":false},"excerpt":{"rendered":"<p>21 grudnia odby\u0142y si\u0119 szkolne Jase\u0142ka. Dzi\u0119kujemy wszystkim za przybycie i wsp\u00f3lne sp\u0119dzenie tych przed\u015bwi\u0105tecznych chwil. &nbsp; &nbsp; &nbsp; &nbsp; &nbsp;<\/p>\n","protected":false},"author":2,"featured_media":0,"comment_status":"closed","ping_status":"open","sticky":false,"template":"","format":"standard","meta":{"ngg_post_thumbnail":0,"footnotes":""},"categories":[23,109],"tags":[],"class_list":["post-4893","post","type-post","status-publish","format-standard","hentry","category-aktualnosci","category-inne"],"_links":{"self":[{"href":"https:\/\/spbuk.pl\/index.php?rest_route=\/wp\/v2\/posts\/4893","targetHints":{"allow":["GET"]}}],"collection":[{"href":"https:\/\/spbuk.pl\/index.php?rest_route=\/wp\/v2\/posts"}],"about":[{"href":"https:\/\/spbuk.pl\/index.php?rest_route=\/wp\/v2\/types\/post"}],"author":[{"embeddable":true,"href":"https:\/\/spbuk.pl\/index.php?rest_route=\/wp\/v2\/users\/2"}],"replies":[{"embeddable":true,"href":"https:\/\/spbuk.pl\/index.php?rest_route=%2Fwp%2Fv2%2Fcomments&post=4893"}],"version-history":[{"count":3,"href":"https:\/\/spbuk.pl\/index.php?rest_route=\/wp\/v2\/posts\/4893\/revisions"}],"predecessor-version":[{"id":38225,"href":"https:\/\/spbuk.pl\/index.php?rest_route=\/wp\/v2\/posts\/4893\/revisions\/38225"}],"wp:attachment":[{"href":"https:\/\/spbuk.pl\/index.php?rest_route=%2Fwp%2Fv2%2Fmedia&parent=4893"}],"wp:term":[{"taxonomy":"category","embeddable":true,"href":"https:\/\/spbuk.pl\/index.php?rest_route=%2Fwp%2Fv2%2Fcategories&post=4893"},{"taxonomy":"post_tag","embeddable":true,"href":"https:\/\/spbuk.pl\/index.php?rest_route=%2Fwp%2Fv2%2Ftags&post=4893"}],"curies":[{"name":"wp","href":"https:\/\/api.w.org\/{rel}","templated":true}]}}