{"id":34011,"date":"2025-05-12T22:30:01","date_gmt":"2025-05-12T20:30:01","guid":{"rendered":"https:\/\/spbuk.pl\/?p=34011"},"modified":"2025-05-12T23:12:02","modified_gmt":"2025-05-12T21:12:02","slug":"tak-uczcilismy-swieto-konstytucji-3-maja","status":"publish","type":"post","link":"https:\/\/spbuk.pl\/?p=34011","title":{"rendered":"Tak uczcili\u015bmy \u015awi\u0119to Konstytucji 3 Maja"},"content":{"rendered":"<p>W dniu <strong>30 kwietnia<\/strong>&nbsp;odby\u0142 si\u0119 uroczysty <strong>apel z okazji \u015awi\u0119ta Konstytucji 3 Maja.<\/strong> W wydarzeniu wzi\u0119li udzia\u0142 uczniowie klas I\u2013III, nauczyciele oraz Dyrekcja. Obchody rozpocz\u0119\u0142y si\u0119 od wprowadzenia pocztu sztandarowego oraz wsp\u00f3lnego od\u015bpiewania hymnu pa\u0144stwowego, co nada\u0142o uroczysto\u015bci podnios\u0142y i patriotyczny charakter. Nast\u0119pnie uczniowie <strong>klas 3a i 3c<\/strong> zaprezentowali przygotowan\u0105 <strong>cz\u0119\u015b\u0107 artystyczn\u0105<\/strong>, kt\u00f3ra obejmowa\u0142a<strong> wiersze, piosenki oraz kr\u00f3tk\u0105 inscenizacj\u0119 historyczn\u0105.<\/strong> Przedstawienie mia\u0142o na celu przypomnienie o znaczeniu Konstytucji 3 Maja \u2013 pierwszej w Europie i drugiej na \u015bwiecie ustawy zasadniczej. Trzecioklasi\u015bci wyst\u0105pili z ogromnym zaanga\u017cowaniem, oddaj\u0105c ho\u0142d wa\u017cnym wydarzeniom z historii Polski. Apel by\u0142 lekcj\u0105 patriotyzmu, historii i szacunku dla ojczystych tradycji. Publiczno\u015b\u0107 z uznaniem przyj\u0119\u0142a wysi\u0142ek m\u0142odych artyst\u00f3w, nagradzaj\u0105c ich gromkimi brawami.&nbsp;<\/p>\n<!-- default-view.php -->\n<div\n\tclass=\"ngg-galleryoverview default-view \"\n\tid=\"ngg-gallery-a4fe637874540e541adb5bf5dbbe5f0a-1\">\n\n\t\t<!-- Thumbnails -->\n\t\t\t\t<div id=\"ngg-image-0\" class=\"ngg-gallery-thumbnail-box \" >\n\t\t\t\t        <div class=\"ngg-gallery-thumbnail\">\n            <a href=\"https:\/\/spbuk.pl\/wp-content\/gallery\/tak_uczcilismy_swieto_konstytucji_3_maja_2025\/Nowy-obraz-2.png\"\n               title=\"\"\n               data-src=\"https:\/\/spbuk.pl\/wp-content\/gallery\/tak_uczcilismy_swieto_konstytucji_3_maja_2025\/Nowy-obraz-2.png\"\n               data-thumbnail=\"https:\/\/spbuk.pl\/wp-content\/gallery\/tak_uczcilismy_swieto_konstytucji_3_maja_2025\/thumbs\/thumbs_Nowy-obraz-2.png\"\n               data-image-id=\"10227\"\n               data-title=\"Nowy-obraz-2\"\n               data-description=\"\"\n               data-image-slug=\"nowy-obraz-2-5\"\n               class=\"ngg-simplelightbox\" rel=\"a4fe637874540e541adb5bf5dbbe5f0a\">\n                <img\n                    title=\"Nowy-obraz-2\"\n                    alt=\"Nowy-obraz-2\"\n                    src=\"https:\/\/spbuk.pl\/wp-content\/gallery\/tak_uczcilismy_swieto_konstytucji_3_maja_2025\/thumbs\/thumbs_Nowy-obraz-2.png\"\n                    width=\"240\"\n                    height=\"160\"\n                    style=\"max-width:100%;\"\n                \/>\n            <\/a>\n        <\/div>\n\t\t\t\t\t\t\t<\/div> \n\t\t\t\n\t\t\t\t<div id=\"ngg-image-1\" class=\"ngg-gallery-thumbnail-box \" >\n\t\t\t\t        <div class=\"ngg-gallery-thumbnail\">\n            <a href=\"https:\/\/spbuk.pl\/wp-content\/gallery\/tak_uczcilismy_swieto_konstytucji_3_maja_2025\/Nowy-obraz-5.png\"\n               title=\"\"\n               data-src=\"https:\/\/spbuk.pl\/wp-content\/gallery\/tak_uczcilismy_swieto_konstytucji_3_maja_2025\/Nowy-obraz-5.png\"\n               data-thumbnail=\"https:\/\/spbuk.pl\/wp-content\/gallery\/tak_uczcilismy_swieto_konstytucji_3_maja_2025\/thumbs\/thumbs_Nowy-obraz-5.png\"\n               data-image-id=\"10228\"\n               data-title=\"Nowy-obraz-5\"\n               data-description=\"\"\n               data-image-slug=\"nowy-obraz-5-4\"\n               class=\"ngg-simplelightbox\" rel=\"a4fe637874540e541adb5bf5dbbe5f0a\">\n                <img\n                    title=\"Nowy-obraz-5\"\n                    alt=\"Nowy-obraz-5\"\n                    src=\"https:\/\/spbuk.pl\/wp-content\/gallery\/tak_uczcilismy_swieto_konstytucji_3_maja_2025\/thumbs\/thumbs_Nowy-obraz-5.png\"\n                    width=\"240\"\n                    height=\"160\"\n                    style=\"max-width:100%;\"\n                \/>\n            <\/a>\n        <\/div>\n\t\t\t\t\t\t\t<\/div> \n\t\t\t\n\t\t\t\t<div id=\"ngg-image-2\" class=\"ngg-gallery-thumbnail-box \" >\n\t\t\t\t        <div class=\"ngg-gallery-thumbnail\">\n            <a href=\"https:\/\/spbuk.pl\/wp-content\/gallery\/tak_uczcilismy_swieto_konstytucji_3_maja_2025\/Nowy-obraz-1.png\"\n               title=\"\"\n               data-src=\"https:\/\/spbuk.pl\/wp-content\/gallery\/tak_uczcilismy_swieto_konstytucji_3_maja_2025\/Nowy-obraz-1.png\"\n               data-thumbnail=\"https:\/\/spbuk.pl\/wp-content\/gallery\/tak_uczcilismy_swieto_konstytucji_3_maja_2025\/thumbs\/thumbs_Nowy-obraz-1.png\"\n               data-image-id=\"10229\"\n               data-title=\"Nowy-obraz-1\"\n               data-description=\"\"\n               data-image-slug=\"nowy-obraz-1-4\"\n               class=\"ngg-simplelightbox\" rel=\"a4fe637874540e541adb5bf5dbbe5f0a\">\n                <img\n                    title=\"Nowy-obraz-1\"\n                    alt=\"Nowy-obraz-1\"\n                    src=\"https:\/\/spbuk.pl\/wp-content\/gallery\/tak_uczcilismy_swieto_konstytucji_3_maja_2025\/thumbs\/thumbs_Nowy-obraz-1.png\"\n                    width=\"240\"\n                    height=\"160\"\n                    style=\"max-width:100%;\"\n                \/>\n            <\/a>\n        <\/div>\n\t\t\t\t\t\t\t<\/div> \n\t\t\t\n\t\t\t\t<div id=\"ngg-image-3\" class=\"ngg-gallery-thumbnail-box \" >\n\t\t\t\t        <div class=\"ngg-gallery-thumbnail\">\n            <a href=\"https:\/\/spbuk.pl\/wp-content\/gallery\/tak_uczcilismy_swieto_konstytucji_3_maja_2025\/Nowy-obraz-3.png\"\n               title=\"\"\n               data-src=\"https:\/\/spbuk.pl\/wp-content\/gallery\/tak_uczcilismy_swieto_konstytucji_3_maja_2025\/Nowy-obraz-3.png\"\n               data-thumbnail=\"https:\/\/spbuk.pl\/wp-content\/gallery\/tak_uczcilismy_swieto_konstytucji_3_maja_2025\/thumbs\/thumbs_Nowy-obraz-3.png\"\n               data-image-id=\"10230\"\n               data-title=\"Nowy-obraz-3\"\n               data-description=\"\"\n               data-image-slug=\"nowy-obraz-3-5\"\n               class=\"ngg-simplelightbox\" rel=\"a4fe637874540e541adb5bf5dbbe5f0a\">\n                <img\n                    title=\"Nowy-obraz-3\"\n                    alt=\"Nowy-obraz-3\"\n                    src=\"https:\/\/spbuk.pl\/wp-content\/gallery\/tak_uczcilismy_swieto_konstytucji_3_maja_2025\/thumbs\/thumbs_Nowy-obraz-3.png\"\n                    width=\"240\"\n                    height=\"160\"\n                    style=\"max-width:100%;\"\n                \/>\n            <\/a>\n        <\/div>\n\t\t\t\t\t\t\t<\/div> \n\t\t\t\n\t\t\t\t<div id=\"ngg-image-4\" class=\"ngg-gallery-thumbnail-box \" >\n\t\t\t\t        <div class=\"ngg-gallery-thumbnail\">\n            <a href=\"https:\/\/spbuk.pl\/wp-content\/gallery\/tak_uczcilismy_swieto_konstytucji_3_maja_2025\/Nowy-obraz-4.png\"\n               title=\"\"\n               data-src=\"https:\/\/spbuk.pl\/wp-content\/gallery\/tak_uczcilismy_swieto_konstytucji_3_maja_2025\/Nowy-obraz-4.png\"\n               data-thumbnail=\"https:\/\/spbuk.pl\/wp-content\/gallery\/tak_uczcilismy_swieto_konstytucji_3_maja_2025\/thumbs\/thumbs_Nowy-obraz-4.png\"\n               data-image-id=\"10231\"\n               data-title=\"Nowy-obraz-4\"\n               data-description=\"\"\n               data-image-slug=\"nowy-obraz-4-5\"\n               class=\"ngg-simplelightbox\" rel=\"a4fe637874540e541adb5bf5dbbe5f0a\">\n                <img\n                    title=\"Nowy-obraz-4\"\n                    alt=\"Nowy-obraz-4\"\n                    src=\"https:\/\/spbuk.pl\/wp-content\/gallery\/tak_uczcilismy_swieto_konstytucji_3_maja_2025\/thumbs\/thumbs_Nowy-obraz-4.png\"\n                    width=\"240\"\n                    height=\"160\"\n                    style=\"max-width:100%;\"\n                \/>\n            <\/a>\n        <\/div>\n\t\t\t\t\t\t\t<\/div> \n\t\t\t\n\t\t\t\t<div id=\"ngg-image-5\" class=\"ngg-gallery-thumbnail-box \" >\n\t\t\t\t        <div class=\"ngg-gallery-thumbnail\">\n            <a href=\"https:\/\/spbuk.pl\/wp-content\/gallery\/tak_uczcilismy_swieto_konstytucji_3_maja_2025\/Nowy-obraz-6.png\"\n               title=\"\"\n               data-src=\"https:\/\/spbuk.pl\/wp-content\/gallery\/tak_uczcilismy_swieto_konstytucji_3_maja_2025\/Nowy-obraz-6.png\"\n               data-thumbnail=\"https:\/\/spbuk.pl\/wp-content\/gallery\/tak_uczcilismy_swieto_konstytucji_3_maja_2025\/thumbs\/thumbs_Nowy-obraz-6.png\"\n               data-image-id=\"10232\"\n               data-title=\"Nowy-obraz-6\"\n               data-description=\"\"\n               data-image-slug=\"nowy-obraz-6-3\"\n               class=\"ngg-simplelightbox\" rel=\"a4fe637874540e541adb5bf5dbbe5f0a\">\n                <img\n                    title=\"Nowy-obraz-6\"\n                    alt=\"Nowy-obraz-6\"\n                    src=\"https:\/\/spbuk.pl\/wp-content\/gallery\/tak_uczcilismy_swieto_konstytucji_3_maja_2025\/thumbs\/thumbs_Nowy-obraz-6.png\"\n                    width=\"240\"\n                    height=\"160\"\n                    style=\"max-width:100%;\"\n                \/>\n            <\/a>\n        <\/div>\n\t\t\t\t\t\t\t<\/div> \n\t\t\t\n\t\t\t\t<div id=\"ngg-image-6\" class=\"ngg-gallery-thumbnail-box \" >\n\t\t\t\t        <div class=\"ngg-gallery-thumbnail\">\n            <a href=\"https:\/\/spbuk.pl\/wp-content\/gallery\/tak_uczcilismy_swieto_konstytucji_3_maja_2025\/Nowy-obraz-7.png\"\n               title=\"\"\n               data-src=\"https:\/\/spbuk.pl\/wp-content\/gallery\/tak_uczcilismy_swieto_konstytucji_3_maja_2025\/Nowy-obraz-7.png\"\n               data-thumbnail=\"https:\/\/spbuk.pl\/wp-content\/gallery\/tak_uczcilismy_swieto_konstytucji_3_maja_2025\/thumbs\/thumbs_Nowy-obraz-7.png\"\n               data-image-id=\"10233\"\n               data-title=\"Nowy-obraz-7\"\n               data-description=\"\"\n               data-image-slug=\"nowy-obraz-7-3\"\n               class=\"ngg-simplelightbox\" rel=\"a4fe637874540e541adb5bf5dbbe5f0a\">\n                <img\n                    title=\"Nowy-obraz-7\"\n                    alt=\"Nowy-obraz-7\"\n                    src=\"https:\/\/spbuk.pl\/wp-content\/gallery\/tak_uczcilismy_swieto_konstytucji_3_maja_2025\/thumbs\/thumbs_Nowy-obraz-7.png\"\n                    width=\"240\"\n                    height=\"160\"\n                    style=\"max-width:100%;\"\n                \/>\n            <\/a>\n        <\/div>\n\t\t\t\t\t\t\t<\/div> \n\t\t\t\n\t\t\t\t<div id=\"ngg-image-7\" class=\"ngg-gallery-thumbnail-box \" >\n\t\t\t\t        <div class=\"ngg-gallery-thumbnail\">\n            <a href=\"https:\/\/spbuk.pl\/wp-content\/gallery\/tak_uczcilismy_swieto_konstytucji_3_maja_2025\/Nowy-obraz-8.png\"\n               title=\"\"\n               data-src=\"https:\/\/spbuk.pl\/wp-content\/gallery\/tak_uczcilismy_swieto_konstytucji_3_maja_2025\/Nowy-obraz-8.png\"\n               data-thumbnail=\"https:\/\/spbuk.pl\/wp-content\/gallery\/tak_uczcilismy_swieto_konstytucji_3_maja_2025\/thumbs\/thumbs_Nowy-obraz-8.png\"\n               data-image-id=\"10234\"\n               data-title=\"Nowy-obraz-8\"\n               data-description=\"\"\n               data-image-slug=\"nowy-obraz-8-3\"\n               class=\"ngg-simplelightbox\" rel=\"a4fe637874540e541adb5bf5dbbe5f0a\">\n                <img\n                    title=\"Nowy-obraz-8\"\n                    alt=\"Nowy-obraz-8\"\n                    src=\"https:\/\/spbuk.pl\/wp-content\/gallery\/tak_uczcilismy_swieto_konstytucji_3_maja_2025\/thumbs\/thumbs_Nowy-obraz-8.png\"\n                    width=\"240\"\n                    height=\"160\"\n                    style=\"max-width:100%;\"\n                \/>\n            <\/a>\n        <\/div>\n\t\t\t\t\t\t\t<\/div> \n\t\t\t\n\t\t\t\t<div id=\"ngg-image-8\" class=\"ngg-gallery-thumbnail-box \" >\n\t\t\t\t        <div class=\"ngg-gallery-thumbnail\">\n            <a href=\"https:\/\/spbuk.pl\/wp-content\/gallery\/tak_uczcilismy_swieto_konstytucji_3_maja_2025\/Nowy-obraz-9.png\"\n               title=\"\"\n               data-src=\"https:\/\/spbuk.pl\/wp-content\/gallery\/tak_uczcilismy_swieto_konstytucji_3_maja_2025\/Nowy-obraz-9.png\"\n               data-thumbnail=\"https:\/\/spbuk.pl\/wp-content\/gallery\/tak_uczcilismy_swieto_konstytucji_3_maja_2025\/thumbs\/thumbs_Nowy-obraz-9.png\"\n               data-image-id=\"10235\"\n               data-title=\"Nowy-obraz-9\"\n               data-description=\"\"\n               data-image-slug=\"nowy-obraz-9-3\"\n               class=\"ngg-simplelightbox\" rel=\"a4fe637874540e541adb5bf5dbbe5f0a\">\n                <img\n                    title=\"Nowy-obraz-9\"\n                    alt=\"Nowy-obraz-9\"\n                    src=\"https:\/\/spbuk.pl\/wp-content\/gallery\/tak_uczcilismy_swieto_konstytucji_3_maja_2025\/thumbs\/thumbs_Nowy-obraz-9.png\"\n                    width=\"240\"\n                    height=\"160\"\n                    style=\"max-width:100%;\"\n                \/>\n            <\/a>\n        <\/div>\n\t\t\t\t\t\t\t<\/div> \n\t\t\t\n\t\t\t\t<div id=\"ngg-image-9\" class=\"ngg-gallery-thumbnail-box \" >\n\t\t\t\t        <div class=\"ngg-gallery-thumbnail\">\n            <a href=\"https:\/\/spbuk.pl\/wp-content\/gallery\/tak_uczcilismy_swieto_konstytucji_3_maja_2025\/Nowy-obraz-10.png\"\n               title=\"\"\n               data-src=\"https:\/\/spbuk.pl\/wp-content\/gallery\/tak_uczcilismy_swieto_konstytucji_3_maja_2025\/Nowy-obraz-10.png\"\n               data-thumbnail=\"https:\/\/spbuk.pl\/wp-content\/gallery\/tak_uczcilismy_swieto_konstytucji_3_maja_2025\/thumbs\/thumbs_Nowy-obraz-10.png\"\n               data-image-id=\"10236\"\n               data-title=\"Nowy-obraz-10\"\n               data-description=\"\"\n               data-image-slug=\"nowy-obraz-10-2\"\n               class=\"ngg-simplelightbox\" rel=\"a4fe637874540e541adb5bf5dbbe5f0a\">\n                <img\n                    title=\"Nowy-obraz-10\"\n                    alt=\"Nowy-obraz-10\"\n                    src=\"https:\/\/spbuk.pl\/wp-content\/gallery\/tak_uczcilismy_swieto_konstytucji_3_maja_2025\/thumbs\/thumbs_Nowy-obraz-10.png\"\n                    width=\"240\"\n                    height=\"160\"\n                    style=\"max-width:100%;\"\n                \/>\n            <\/a>\n        <\/div>\n\t\t\t\t\t\t\t<\/div> \n\t\t\t\n\t\t\t\t<div id=\"ngg-image-10\" class=\"ngg-gallery-thumbnail-box \" >\n\t\t\t\t        <div class=\"ngg-gallery-thumbnail\">\n            <a href=\"https:\/\/spbuk.pl\/wp-content\/gallery\/tak_uczcilismy_swieto_konstytucji_3_maja_2025\/Nowy-obraz-11.png\"\n               title=\"\"\n               data-src=\"https:\/\/spbuk.pl\/wp-content\/gallery\/tak_uczcilismy_swieto_konstytucji_3_maja_2025\/Nowy-obraz-11.png\"\n               data-thumbnail=\"https:\/\/spbuk.pl\/wp-content\/gallery\/tak_uczcilismy_swieto_konstytucji_3_maja_2025\/thumbs\/thumbs_Nowy-obraz-11.png\"\n               data-image-id=\"10237\"\n               data-title=\"Nowy-obraz-11\"\n               data-description=\"\"\n               data-image-slug=\"nowy-obraz-11-2\"\n               class=\"ngg-simplelightbox\" rel=\"a4fe637874540e541adb5bf5dbbe5f0a\">\n                <img\n                    title=\"Nowy-obraz-11\"\n                    alt=\"Nowy-obraz-11\"\n                    src=\"https:\/\/spbuk.pl\/wp-content\/gallery\/tak_uczcilismy_swieto_konstytucji_3_maja_2025\/thumbs\/thumbs_Nowy-obraz-11.png\"\n                    width=\"240\"\n                    height=\"160\"\n                    style=\"max-width:100%;\"\n                \/>\n            <\/a>\n        <\/div>\n\t\t\t\t\t\t\t<\/div> \n\t\t\t\n\t\t\t\t<div id=\"ngg-image-11\" class=\"ngg-gallery-thumbnail-box \" >\n\t\t\t\t        <div class=\"ngg-gallery-thumbnail\">\n            <a href=\"https:\/\/spbuk.pl\/wp-content\/gallery\/tak_uczcilismy_swieto_konstytucji_3_maja_2025\/Nowy-obraz-12.png\"\n               title=\"\"\n               data-src=\"https:\/\/spbuk.pl\/wp-content\/gallery\/tak_uczcilismy_swieto_konstytucji_3_maja_2025\/Nowy-obraz-12.png\"\n               data-thumbnail=\"https:\/\/spbuk.pl\/wp-content\/gallery\/tak_uczcilismy_swieto_konstytucji_3_maja_2025\/thumbs\/thumbs_Nowy-obraz-12.png\"\n               data-image-id=\"10238\"\n               data-title=\"Nowy-obraz-12\"\n               data-description=\"\"\n               data-image-slug=\"nowy-obraz-12-1\"\n               class=\"ngg-simplelightbox\" rel=\"a4fe637874540e541adb5bf5dbbe5f0a\">\n                <img\n                    title=\"Nowy-obraz-12\"\n                    alt=\"Nowy-obraz-12\"\n                    src=\"https:\/\/spbuk.pl\/wp-content\/gallery\/tak_uczcilismy_swieto_konstytucji_3_maja_2025\/thumbs\/thumbs_Nowy-obraz-12.png\"\n                    width=\"240\"\n                    height=\"160\"\n                    style=\"max-width:100%;\"\n                \/>\n            <\/a>\n        <\/div>\n\t\t\t\t\t\t\t<\/div> \n\t\t\t\n\t\n\t<br style=\"clear: both\" \/>\n\n\t\n\t\t<!-- Pagination -->\n\t<div class='ngg-clear'><\/div>\t<\/div>\n\n","protected":false},"excerpt":{"rendered":"<p>W dniu 30 kwietnia&nbsp;odby\u0142 si\u0119 uroczysty apel z okazji \u015awi\u0119ta Konstytucji 3 Maja. W wydarzeniu wzi\u0119li udzia\u0142 uczniowie klas I\u2013III, nauczyciele oraz Dyrekcja. Obchody rozpocz\u0119\u0142y si\u0119 od wprowadzenia pocztu sztandarowego oraz wsp\u00f3lnego od\u015bpiewania hymnu pa\u0144stwowego, co nada\u0142o uroczysto\u015bci podnios\u0142y i patriotyczny charakter. Nast\u0119pnie uczniowie klas 3a i 3c zaprezentowali przygotowan\u0105 [&hellip;]<\/p>\n","protected":false},"author":3,"featured_media":17660,"comment_status":"open","ping_status":"open","sticky":false,"template":"","format":"standard","meta":{"ngg_post_thumbnail":0,"footnotes":""},"categories":[23,109],"tags":[],"class_list":["post-34011","post","type-post","status-publish","format-standard","has-post-thumbnail","hentry","category-aktualnosci","category-inne"],"_links":{"self":[{"href":"https:\/\/spbuk.pl\/index.php?rest_route=\/wp\/v2\/posts\/34011","targetHints":{"allow":["GET"]}}],"collection":[{"href":"https:\/\/spbuk.pl\/index.php?rest_route=\/wp\/v2\/posts"}],"about":[{"href":"https:\/\/spbuk.pl\/index.php?rest_route=\/wp\/v2\/types\/post"}],"author":[{"embeddable":true,"href":"https:\/\/spbuk.pl\/index.php?rest_route=\/wp\/v2\/users\/3"}],"replies":[{"embeddable":true,"href":"https:\/\/spbuk.pl\/index.php?rest_route=%2Fwp%2Fv2%2Fcomments&post=34011"}],"version-history":[{"count":1,"href":"https:\/\/spbuk.pl\/index.php?rest_route=\/wp\/v2\/posts\/34011\/revisions"}],"predecessor-version":[{"id":34027,"href":"https:\/\/spbuk.pl\/index.php?rest_route=\/wp\/v2\/posts\/34011\/revisions\/34027"}],"wp:featuredmedia":[{"embeddable":true,"href":"https:\/\/spbuk.pl\/index.php?rest_route=\/wp\/v2\/media\/17660"}],"wp:attachment":[{"href":"https:\/\/spbuk.pl\/index.php?rest_route=%2Fwp%2Fv2%2Fmedia&parent=34011"}],"wp:term":[{"taxonomy":"category","embeddable":true,"href":"https:\/\/spbuk.pl\/index.php?rest_route=%2Fwp%2Fv2%2Fcategories&post=34011"},{"taxonomy":"post_tag","embeddable":true,"href":"https:\/\/spbuk.pl\/index.php?rest_route=%2Fwp%2Fv2%2Ftags&post=34011"}],"curies":[{"name":"wp","href":"https:\/\/api.w.org\/{rel}","templated":true}]}}