{"id":33965,"date":"2025-05-04T20:42:59","date_gmt":"2025-05-04T18:42:59","guid":{"rendered":"https:\/\/spbuk.pl\/?p=33965"},"modified":"2025-05-04T22:44:55","modified_gmt":"2025-05-04T20:44:55","slug":"czwartoklasiscie-na-drugim-miejscu-w-gminnych-potyczkach-ortograficznych-na-sportowo","status":"publish","type":"post","link":"https:\/\/spbuk.pl\/?p=33965","title":{"rendered":"Czwartoklasi\u015bci na drugim miejscu w &#8222;Gminnych Potyczkach Ortograficznych na Sportowo&#8221; :) :)"},"content":{"rendered":"<p>Dnia<strong> 24 kwietnia 2025<\/strong> w <strong>Szkole Podstawowej w Szewcach<\/strong> odby\u0142y si\u0119 <strong>\u201eII Gminne Potyczki Ortograficzne na Sportowo\u201d<\/strong>. Konkurs adresowany by\u0142 do uczni\u00f3w klas czwartych, a nasz\u0105 szko\u0142\u0119 reprezentowali uczniowie <strong>klas 4a<\/strong>: <strong>Marcel Ka\u017amierczak i Tadeusz Pawlak<\/strong> oraz <strong>4d: Wiktor Bednarek, Lilianna Ja\u015bkowiak, Nikolas Je\u017cewski, Lilianna Karabon, Maksym Makaruk.<\/strong> Uczniowie zaprezentowali jak najlepiej swoje umiej\u0119tno\u015bci sportowe i wykazali si\u0119 wiadomo\u015bciami z zakresu ortografii. Pi\u0119knie przedstawili rymowank\u0119:<\/p>\n<p>\u201eKa\u017cde dziecko o tym wie,<\/p>\n<p>chcesz czyta\u0107 dobrze,<\/p>\n<p>by\u0107 zdrowym \u2013 ruszaj si\u0119!<\/p>\n<p>Sport i czytanie ksi\u0105\u017cek<\/p>\n<p>to bardzo wa\u017cna sprawa!<\/p>\n<p>S\u0105 regu\u0142y, rywalizacja<\/p>\n<p>i jest dobra zabawa!<\/p>\n<p>Zesp\u00f3\u0142 zaj\u0105\u0142 <strong>II miejsce.<\/strong> Gratulacje!!!<\/p>\n<!-- default-view.php -->\n<div\n\tclass=\"ngg-galleryoverview default-view \"\n\tid=\"ngg-gallery-17a1c0026d02a49d927ecb15cad882dd-1\">\n\n\t\t<!-- Thumbnails -->\n\t\t\t\t<div id=\"ngg-image-0\" class=\"ngg-gallery-thumbnail-box \" >\n\t\t\t\t        <div class=\"ngg-gallery-thumbnail\">\n            <a href=\"https:\/\/spbuk.pl\/wp-content\/gallery\/czwartoklasisci_na_drugim_miejscu_w_gminnych_potyczkach_ortograficznych_na_sportowo\/image3.jpg\"\n               title=\"\"\n               data-src=\"https:\/\/spbuk.pl\/wp-content\/gallery\/czwartoklasisci_na_drugim_miejscu_w_gminnych_potyczkach_ortograficznych_na_sportowo\/image3.jpg\"\n               data-thumbnail=\"https:\/\/spbuk.pl\/wp-content\/gallery\/czwartoklasisci_na_drugim_miejscu_w_gminnych_potyczkach_ortograficznych_na_sportowo\/thumbs\/thumbs_image3.jpg\"\n               data-image-id=\"10202\"\n               data-title=\"image3\"\n               data-description=\"\"\n               data-image-slug=\"image3-8\"\n               class=\"ngg-simplelightbox\" rel=\"17a1c0026d02a49d927ecb15cad882dd\">\n                <img\n                    title=\"image3\"\n                    alt=\"image3\"\n                    src=\"https:\/\/spbuk.pl\/wp-content\/gallery\/czwartoklasisci_na_drugim_miejscu_w_gminnych_potyczkach_ortograficznych_na_sportowo\/thumbs\/thumbs_image3.jpg\"\n                    width=\"240\"\n                    height=\"160\"\n                    style=\"max-width:100%;\"\n                \/>\n            <\/a>\n        <\/div>\n\t\t\t\t\t\t\t<\/div> \n\t\t\t\n\t\t\t\t<div id=\"ngg-image-1\" class=\"ngg-gallery-thumbnail-box \" >\n\t\t\t\t        <div class=\"ngg-gallery-thumbnail\">\n            <a href=\"https:\/\/spbuk.pl\/wp-content\/gallery\/czwartoklasisci_na_drugim_miejscu_w_gminnych_potyczkach_ortograficznych_na_sportowo\/image1.jpg\"\n               title=\"\"\n               data-src=\"https:\/\/spbuk.pl\/wp-content\/gallery\/czwartoklasisci_na_drugim_miejscu_w_gminnych_potyczkach_ortograficznych_na_sportowo\/image1.jpg\"\n               data-thumbnail=\"https:\/\/spbuk.pl\/wp-content\/gallery\/czwartoklasisci_na_drugim_miejscu_w_gminnych_potyczkach_ortograficznych_na_sportowo\/thumbs\/thumbs_image1.jpg\"\n               data-image-id=\"10203\"\n               data-title=\"image1\"\n               data-description=\"\"\n               data-image-slug=\"image1-8\"\n               class=\"ngg-simplelightbox\" rel=\"17a1c0026d02a49d927ecb15cad882dd\">\n                <img\n                    title=\"image1\"\n                    alt=\"image1\"\n                    src=\"https:\/\/spbuk.pl\/wp-content\/gallery\/czwartoklasisci_na_drugim_miejscu_w_gminnych_potyczkach_ortograficznych_na_sportowo\/thumbs\/thumbs_image1.jpg\"\n                    width=\"240\"\n                    height=\"160\"\n                    style=\"max-width:100%;\"\n                \/>\n            <\/a>\n        <\/div>\n\t\t\t\t\t\t\t<\/div> \n\t\t\t\n\t\t\t\t<div id=\"ngg-image-2\" class=\"ngg-gallery-thumbnail-box \" >\n\t\t\t\t        <div class=\"ngg-gallery-thumbnail\">\n            <a href=\"https:\/\/spbuk.pl\/wp-content\/gallery\/czwartoklasisci_na_drugim_miejscu_w_gminnych_potyczkach_ortograficznych_na_sportowo\/image5.jpg\"\n               title=\"\"\n               data-src=\"https:\/\/spbuk.pl\/wp-content\/gallery\/czwartoklasisci_na_drugim_miejscu_w_gminnych_potyczkach_ortograficznych_na_sportowo\/image5.jpg\"\n               data-thumbnail=\"https:\/\/spbuk.pl\/wp-content\/gallery\/czwartoklasisci_na_drugim_miejscu_w_gminnych_potyczkach_ortograficznych_na_sportowo\/thumbs\/thumbs_image5.jpg\"\n               data-image-id=\"10204\"\n               data-title=\"image5\"\n               data-description=\"\"\n               data-image-slug=\"image5-5\"\n               class=\"ngg-simplelightbox\" rel=\"17a1c0026d02a49d927ecb15cad882dd\">\n                <img\n                    title=\"image5\"\n                    alt=\"image5\"\n                    src=\"https:\/\/spbuk.pl\/wp-content\/gallery\/czwartoklasisci_na_drugim_miejscu_w_gminnych_potyczkach_ortograficznych_na_sportowo\/thumbs\/thumbs_image5.jpg\"\n                    width=\"240\"\n                    height=\"160\"\n                    style=\"max-width:100%;\"\n                \/>\n            <\/a>\n        <\/div>\n\t\t\t\t\t\t\t<\/div> \n\t\t\t\n\t\t\t\t<div id=\"ngg-image-3\" class=\"ngg-gallery-thumbnail-box \" >\n\t\t\t\t        <div class=\"ngg-gallery-thumbnail\">\n            <a href=\"https:\/\/spbuk.pl\/wp-content\/gallery\/czwartoklasisci_na_drugim_miejscu_w_gminnych_potyczkach_ortograficznych_na_sportowo\/image6.jpg\"\n               title=\"\"\n               data-src=\"https:\/\/spbuk.pl\/wp-content\/gallery\/czwartoklasisci_na_drugim_miejscu_w_gminnych_potyczkach_ortograficznych_na_sportowo\/image6.jpg\"\n               data-thumbnail=\"https:\/\/spbuk.pl\/wp-content\/gallery\/czwartoklasisci_na_drugim_miejscu_w_gminnych_potyczkach_ortograficznych_na_sportowo\/thumbs\/thumbs_image6.jpg\"\n               data-image-id=\"10205\"\n               data-title=\"image6\"\n               data-description=\"\"\n               data-image-slug=\"image6-6\"\n               class=\"ngg-simplelightbox\" rel=\"17a1c0026d02a49d927ecb15cad882dd\">\n                <img\n                    title=\"image6\"\n                    alt=\"image6\"\n                    src=\"https:\/\/spbuk.pl\/wp-content\/gallery\/czwartoklasisci_na_drugim_miejscu_w_gminnych_potyczkach_ortograficznych_na_sportowo\/thumbs\/thumbs_image6.jpg\"\n                    width=\"240\"\n                    height=\"160\"\n                    style=\"max-width:100%;\"\n                \/>\n            <\/a>\n        <\/div>\n\t\t\t\t\t\t\t<\/div> \n\t\t\t\n\t\t\t\t<div id=\"ngg-image-4\" class=\"ngg-gallery-thumbnail-box \" >\n\t\t\t\t        <div class=\"ngg-gallery-thumbnail\">\n            <a href=\"https:\/\/spbuk.pl\/wp-content\/gallery\/czwartoklasisci_na_drugim_miejscu_w_gminnych_potyczkach_ortograficznych_na_sportowo\/image7.jpg\"\n               title=\"\"\n               data-src=\"https:\/\/spbuk.pl\/wp-content\/gallery\/czwartoklasisci_na_drugim_miejscu_w_gminnych_potyczkach_ortograficznych_na_sportowo\/image7.jpg\"\n               data-thumbnail=\"https:\/\/spbuk.pl\/wp-content\/gallery\/czwartoklasisci_na_drugim_miejscu_w_gminnych_potyczkach_ortograficznych_na_sportowo\/thumbs\/thumbs_image7.jpg\"\n               data-image-id=\"10206\"\n               data-title=\"image7\"\n               data-description=\"\"\n               data-image-slug=\"image7-6\"\n               class=\"ngg-simplelightbox\" rel=\"17a1c0026d02a49d927ecb15cad882dd\">\n                <img\n                    title=\"image7\"\n                    alt=\"image7\"\n                    src=\"https:\/\/spbuk.pl\/wp-content\/gallery\/czwartoklasisci_na_drugim_miejscu_w_gminnych_potyczkach_ortograficznych_na_sportowo\/thumbs\/thumbs_image7.jpg\"\n                    width=\"240\"\n                    height=\"160\"\n                    style=\"max-width:100%;\"\n                \/>\n            <\/a>\n        <\/div>\n\t\t\t\t\t\t\t<\/div> \n\t\t\t\n\t\t\t\t<div id=\"ngg-image-5\" class=\"ngg-gallery-thumbnail-box \" >\n\t\t\t\t        <div class=\"ngg-gallery-thumbnail\">\n            <a href=\"https:\/\/spbuk.pl\/wp-content\/gallery\/czwartoklasisci_na_drugim_miejscu_w_gminnych_potyczkach_ortograficznych_na_sportowo\/image2.jpg\"\n               title=\"\"\n               data-src=\"https:\/\/spbuk.pl\/wp-content\/gallery\/czwartoklasisci_na_drugim_miejscu_w_gminnych_potyczkach_ortograficznych_na_sportowo\/image2.jpg\"\n               data-thumbnail=\"https:\/\/spbuk.pl\/wp-content\/gallery\/czwartoklasisci_na_drugim_miejscu_w_gminnych_potyczkach_ortograficznych_na_sportowo\/thumbs\/thumbs_image2.jpg\"\n               data-image-id=\"10207\"\n               data-title=\"image2\"\n               data-description=\"\"\n               data-image-slug=\"image2-10\"\n               class=\"ngg-simplelightbox\" rel=\"17a1c0026d02a49d927ecb15cad882dd\">\n                <img\n                    title=\"image2\"\n                    alt=\"image2\"\n                    src=\"https:\/\/spbuk.pl\/wp-content\/gallery\/czwartoklasisci_na_drugim_miejscu_w_gminnych_potyczkach_ortograficznych_na_sportowo\/thumbs\/thumbs_image2.jpg\"\n                    width=\"240\"\n                    height=\"160\"\n                    style=\"max-width:100%;\"\n                \/>\n            <\/a>\n        <\/div>\n\t\t\t\t\t\t\t<\/div> \n\t\t\t\n\t\t\t\t<div id=\"ngg-image-6\" class=\"ngg-gallery-thumbnail-box \" >\n\t\t\t\t        <div class=\"ngg-gallery-thumbnail\">\n            <a href=\"https:\/\/spbuk.pl\/wp-content\/gallery\/czwartoklasisci_na_drugim_miejscu_w_gminnych_potyczkach_ortograficznych_na_sportowo\/image8.jpg\"\n               title=\"\"\n               data-src=\"https:\/\/spbuk.pl\/wp-content\/gallery\/czwartoklasisci_na_drugim_miejscu_w_gminnych_potyczkach_ortograficznych_na_sportowo\/image8.jpg\"\n               data-thumbnail=\"https:\/\/spbuk.pl\/wp-content\/gallery\/czwartoklasisci_na_drugim_miejscu_w_gminnych_potyczkach_ortograficznych_na_sportowo\/thumbs\/thumbs_image8.jpg\"\n               data-image-id=\"10208\"\n               data-title=\"image8\"\n               data-description=\"\"\n               data-image-slug=\"image8-4\"\n               class=\"ngg-simplelightbox\" rel=\"17a1c0026d02a49d927ecb15cad882dd\">\n                <img\n                    title=\"image8\"\n                    alt=\"image8\"\n                    src=\"https:\/\/spbuk.pl\/wp-content\/gallery\/czwartoklasisci_na_drugim_miejscu_w_gminnych_potyczkach_ortograficznych_na_sportowo\/thumbs\/thumbs_image8.jpg\"\n                    width=\"240\"\n                    height=\"160\"\n                    style=\"max-width:100%;\"\n                \/>\n            <\/a>\n        <\/div>\n\t\t\t\t\t\t\t<\/div> \n\t\t\t\n\t\t\t\t<div id=\"ngg-image-7\" class=\"ngg-gallery-thumbnail-box \" >\n\t\t\t\t        <div class=\"ngg-gallery-thumbnail\">\n            <a href=\"https:\/\/spbuk.pl\/wp-content\/gallery\/czwartoklasisci_na_drugim_miejscu_w_gminnych_potyczkach_ortograficznych_na_sportowo\/image9.jpg\"\n               title=\"\"\n               data-src=\"https:\/\/spbuk.pl\/wp-content\/gallery\/czwartoklasisci_na_drugim_miejscu_w_gminnych_potyczkach_ortograficznych_na_sportowo\/image9.jpg\"\n               data-thumbnail=\"https:\/\/spbuk.pl\/wp-content\/gallery\/czwartoklasisci_na_drugim_miejscu_w_gminnych_potyczkach_ortograficznych_na_sportowo\/thumbs\/thumbs_image9.jpg\"\n               data-image-id=\"10209\"\n               data-title=\"image9\"\n               data-description=\"\"\n               data-image-slug=\"image9-3\"\n               class=\"ngg-simplelightbox\" rel=\"17a1c0026d02a49d927ecb15cad882dd\">\n                <img\n                    title=\"image9\"\n                    alt=\"image9\"\n                    src=\"https:\/\/spbuk.pl\/wp-content\/gallery\/czwartoklasisci_na_drugim_miejscu_w_gminnych_potyczkach_ortograficznych_na_sportowo\/thumbs\/thumbs_image9.jpg\"\n                    width=\"240\"\n                    height=\"160\"\n                    style=\"max-width:100%;\"\n                \/>\n            <\/a>\n        <\/div>\n\t\t\t\t\t\t\t<\/div> \n\t\t\t\n\t\t\t\t<div id=\"ngg-image-8\" class=\"ngg-gallery-thumbnail-box \" >\n\t\t\t\t        <div class=\"ngg-gallery-thumbnail\">\n            <a href=\"https:\/\/spbuk.pl\/wp-content\/gallery\/czwartoklasisci_na_drugim_miejscu_w_gminnych_potyczkach_ortograficznych_na_sportowo\/image10.jpg\"\n               title=\"\"\n               data-src=\"https:\/\/spbuk.pl\/wp-content\/gallery\/czwartoklasisci_na_drugim_miejscu_w_gminnych_potyczkach_ortograficznych_na_sportowo\/image10.jpg\"\n               data-thumbnail=\"https:\/\/spbuk.pl\/wp-content\/gallery\/czwartoklasisci_na_drugim_miejscu_w_gminnych_potyczkach_ortograficznych_na_sportowo\/thumbs\/thumbs_image10.jpg\"\n               data-image-id=\"10210\"\n               data-title=\"image10\"\n               data-description=\"\"\n               data-image-slug=\"image10-2\"\n               class=\"ngg-simplelightbox\" rel=\"17a1c0026d02a49d927ecb15cad882dd\">\n                <img\n                    title=\"image10\"\n                    alt=\"image10\"\n                    src=\"https:\/\/spbuk.pl\/wp-content\/gallery\/czwartoklasisci_na_drugim_miejscu_w_gminnych_potyczkach_ortograficznych_na_sportowo\/thumbs\/thumbs_image10.jpg\"\n                    width=\"240\"\n                    height=\"160\"\n                    style=\"max-width:100%;\"\n                \/>\n            <\/a>\n        <\/div>\n\t\t\t\t\t\t\t<\/div> \n\t\t\t\n\t\t\t\t<div id=\"ngg-image-9\" class=\"ngg-gallery-thumbnail-box \" >\n\t\t\t\t        <div class=\"ngg-gallery-thumbnail\">\n            <a href=\"https:\/\/spbuk.pl\/wp-content\/gallery\/czwartoklasisci_na_drugim_miejscu_w_gminnych_potyczkach_ortograficznych_na_sportowo\/image11.jpg\"\n               title=\"\"\n               data-src=\"https:\/\/spbuk.pl\/wp-content\/gallery\/czwartoklasisci_na_drugim_miejscu_w_gminnych_potyczkach_ortograficznych_na_sportowo\/image11.jpg\"\n               data-thumbnail=\"https:\/\/spbuk.pl\/wp-content\/gallery\/czwartoklasisci_na_drugim_miejscu_w_gminnych_potyczkach_ortograficznych_na_sportowo\/thumbs\/thumbs_image11.jpg\"\n               data-image-id=\"10211\"\n               data-title=\"image11\"\n               data-description=\"\"\n               data-image-slug=\"image11-2\"\n               class=\"ngg-simplelightbox\" rel=\"17a1c0026d02a49d927ecb15cad882dd\">\n                <img\n                    title=\"image11\"\n                    alt=\"image11\"\n                    src=\"https:\/\/spbuk.pl\/wp-content\/gallery\/czwartoklasisci_na_drugim_miejscu_w_gminnych_potyczkach_ortograficznych_na_sportowo\/thumbs\/thumbs_image11.jpg\"\n                    width=\"240\"\n                    height=\"160\"\n                    style=\"max-width:100%;\"\n                \/>\n            <\/a>\n        <\/div>\n\t\t\t\t\t\t\t<\/div> \n\t\t\t\n\t\t\t\t<div id=\"ngg-image-10\" class=\"ngg-gallery-thumbnail-box \" >\n\t\t\t\t        <div class=\"ngg-gallery-thumbnail\">\n            <a href=\"https:\/\/spbuk.pl\/wp-content\/gallery\/czwartoklasisci_na_drugim_miejscu_w_gminnych_potyczkach_ortograficznych_na_sportowo\/image12.jpg\"\n               title=\"\"\n               data-src=\"https:\/\/spbuk.pl\/wp-content\/gallery\/czwartoklasisci_na_drugim_miejscu_w_gminnych_potyczkach_ortograficznych_na_sportowo\/image12.jpg\"\n               data-thumbnail=\"https:\/\/spbuk.pl\/wp-content\/gallery\/czwartoklasisci_na_drugim_miejscu_w_gminnych_potyczkach_ortograficznych_na_sportowo\/thumbs\/thumbs_image12.jpg\"\n               data-image-id=\"10212\"\n               data-title=\"image12\"\n               data-description=\"\"\n               data-image-slug=\"image12-2\"\n               class=\"ngg-simplelightbox\" rel=\"17a1c0026d02a49d927ecb15cad882dd\">\n                <img\n                    title=\"image12\"\n                    alt=\"image12\"\n                    src=\"https:\/\/spbuk.pl\/wp-content\/gallery\/czwartoklasisci_na_drugim_miejscu_w_gminnych_potyczkach_ortograficznych_na_sportowo\/thumbs\/thumbs_image12.jpg\"\n                    width=\"240\"\n                    height=\"160\"\n                    style=\"max-width:100%;\"\n                \/>\n            <\/a>\n        <\/div>\n\t\t\t\t\t\t\t<\/div> \n\t\t\t\n\t\t\t\t<div id=\"ngg-image-11\" class=\"ngg-gallery-thumbnail-box \" >\n\t\t\t\t        <div class=\"ngg-gallery-thumbnail\">\n            <a href=\"https:\/\/spbuk.pl\/wp-content\/gallery\/czwartoklasisci_na_drugim_miejscu_w_gminnych_potyczkach_ortograficznych_na_sportowo\/image13.jpg\"\n               title=\"\"\n               data-src=\"https:\/\/spbuk.pl\/wp-content\/gallery\/czwartoklasisci_na_drugim_miejscu_w_gminnych_potyczkach_ortograficznych_na_sportowo\/image13.jpg\"\n               data-thumbnail=\"https:\/\/spbuk.pl\/wp-content\/gallery\/czwartoklasisci_na_drugim_miejscu_w_gminnych_potyczkach_ortograficznych_na_sportowo\/thumbs\/thumbs_image13.jpg\"\n               data-image-id=\"10213\"\n               data-title=\"image13\"\n               data-description=\"\"\n               data-image-slug=\"image13-1\"\n               class=\"ngg-simplelightbox\" rel=\"17a1c0026d02a49d927ecb15cad882dd\">\n                <img\n                    title=\"image13\"\n                    alt=\"image13\"\n                    src=\"https:\/\/spbuk.pl\/wp-content\/gallery\/czwartoklasisci_na_drugim_miejscu_w_gminnych_potyczkach_ortograficznych_na_sportowo\/thumbs\/thumbs_image13.jpg\"\n                    width=\"240\"\n                    height=\"160\"\n                    style=\"max-width:100%;\"\n                \/>\n            <\/a>\n        <\/div>\n\t\t\t\t\t\t\t<\/div> \n\t\t\t\n\t\t\t\t<div id=\"ngg-image-12\" class=\"ngg-gallery-thumbnail-box \" >\n\t\t\t\t        <div class=\"ngg-gallery-thumbnail\">\n            <a href=\"https:\/\/spbuk.pl\/wp-content\/gallery\/czwartoklasisci_na_drugim_miejscu_w_gminnych_potyczkach_ortograficznych_na_sportowo\/image14.jpg\"\n               title=\"\"\n               data-src=\"https:\/\/spbuk.pl\/wp-content\/gallery\/czwartoklasisci_na_drugim_miejscu_w_gminnych_potyczkach_ortograficznych_na_sportowo\/image14.jpg\"\n               data-thumbnail=\"https:\/\/spbuk.pl\/wp-content\/gallery\/czwartoklasisci_na_drugim_miejscu_w_gminnych_potyczkach_ortograficznych_na_sportowo\/thumbs\/thumbs_image14.jpg\"\n               data-image-id=\"10214\"\n               data-title=\"image14\"\n               data-description=\"\"\n               data-image-slug=\"image14\"\n               class=\"ngg-simplelightbox\" rel=\"17a1c0026d02a49d927ecb15cad882dd\">\n                <img\n                    title=\"image14\"\n                    alt=\"image14\"\n                    src=\"https:\/\/spbuk.pl\/wp-content\/gallery\/czwartoklasisci_na_drugim_miejscu_w_gminnych_potyczkach_ortograficznych_na_sportowo\/thumbs\/thumbs_image14.jpg\"\n                    width=\"240\"\n                    height=\"160\"\n                    style=\"max-width:100%;\"\n                \/>\n            <\/a>\n        <\/div>\n\t\t\t\t\t\t\t<\/div> \n\t\t\t\n\t\t\t\t<div id=\"ngg-image-13\" class=\"ngg-gallery-thumbnail-box \" >\n\t\t\t\t        <div class=\"ngg-gallery-thumbnail\">\n            <a href=\"https:\/\/spbuk.pl\/wp-content\/gallery\/czwartoklasisci_na_drugim_miejscu_w_gminnych_potyczkach_ortograficznych_na_sportowo\/image15.jpg\"\n               title=\"\"\n               data-src=\"https:\/\/spbuk.pl\/wp-content\/gallery\/czwartoklasisci_na_drugim_miejscu_w_gminnych_potyczkach_ortograficznych_na_sportowo\/image15.jpg\"\n               data-thumbnail=\"https:\/\/spbuk.pl\/wp-content\/gallery\/czwartoklasisci_na_drugim_miejscu_w_gminnych_potyczkach_ortograficznych_na_sportowo\/thumbs\/thumbs_image15.jpg\"\n               data-image-id=\"10215\"\n               data-title=\"image15\"\n               data-description=\"\"\n               data-image-slug=\"image15\"\n               class=\"ngg-simplelightbox\" rel=\"17a1c0026d02a49d927ecb15cad882dd\">\n                <img\n                    title=\"image15\"\n                    alt=\"image15\"\n                    src=\"https:\/\/spbuk.pl\/wp-content\/gallery\/czwartoklasisci_na_drugim_miejscu_w_gminnych_potyczkach_ortograficznych_na_sportowo\/thumbs\/thumbs_image15.jpg\"\n                    width=\"240\"\n                    height=\"160\"\n                    style=\"max-width:100%;\"\n                \/>\n            <\/a>\n        <\/div>\n\t\t\t\t\t\t\t<\/div> \n\t\t\t\n\t\t\t\t<div id=\"ngg-image-14\" class=\"ngg-gallery-thumbnail-box \" >\n\t\t\t\t        <div class=\"ngg-gallery-thumbnail\">\n            <a href=\"https:\/\/spbuk.pl\/wp-content\/gallery\/czwartoklasisci_na_drugim_miejscu_w_gminnych_potyczkach_ortograficznych_na_sportowo\/image17.jpg\"\n               title=\"\"\n               data-src=\"https:\/\/spbuk.pl\/wp-content\/gallery\/czwartoklasisci_na_drugim_miejscu_w_gminnych_potyczkach_ortograficznych_na_sportowo\/image17.jpg\"\n               data-thumbnail=\"https:\/\/spbuk.pl\/wp-content\/gallery\/czwartoklasisci_na_drugim_miejscu_w_gminnych_potyczkach_ortograficznych_na_sportowo\/thumbs\/thumbs_image17.jpg\"\n               data-image-id=\"10216\"\n               data-title=\"image17\"\n               data-description=\"\"\n               data-image-slug=\"image17\"\n               class=\"ngg-simplelightbox\" rel=\"17a1c0026d02a49d927ecb15cad882dd\">\n                <img\n                    title=\"image17\"\n                    alt=\"image17\"\n                    src=\"https:\/\/spbuk.pl\/wp-content\/gallery\/czwartoklasisci_na_drugim_miejscu_w_gminnych_potyczkach_ortograficznych_na_sportowo\/thumbs\/thumbs_image17.jpg\"\n                    width=\"240\"\n                    height=\"160\"\n                    style=\"max-width:100%;\"\n                \/>\n            <\/a>\n        <\/div>\n\t\t\t\t\t\t\t<\/div> \n\t\t\t\n\t\t\t\t<div id=\"ngg-image-15\" class=\"ngg-gallery-thumbnail-box \" >\n\t\t\t\t        <div class=\"ngg-gallery-thumbnail\">\n            <a href=\"https:\/\/spbuk.pl\/wp-content\/gallery\/czwartoklasisci_na_drugim_miejscu_w_gminnych_potyczkach_ortograficznych_na_sportowo\/image16.jpg\"\n               title=\"\"\n               data-src=\"https:\/\/spbuk.pl\/wp-content\/gallery\/czwartoklasisci_na_drugim_miejscu_w_gminnych_potyczkach_ortograficznych_na_sportowo\/image16.jpg\"\n               data-thumbnail=\"https:\/\/spbuk.pl\/wp-content\/gallery\/czwartoklasisci_na_drugim_miejscu_w_gminnych_potyczkach_ortograficznych_na_sportowo\/thumbs\/thumbs_image16.jpg\"\n               data-image-id=\"10217\"\n               data-title=\"image16\"\n               data-description=\"\"\n               data-image-slug=\"image16\"\n               class=\"ngg-simplelightbox\" rel=\"17a1c0026d02a49d927ecb15cad882dd\">\n                <img\n                    title=\"image16\"\n                    alt=\"image16\"\n                    src=\"https:\/\/spbuk.pl\/wp-content\/gallery\/czwartoklasisci_na_drugim_miejscu_w_gminnych_potyczkach_ortograficznych_na_sportowo\/thumbs\/thumbs_image16.jpg\"\n                    width=\"240\"\n                    height=\"160\"\n                    style=\"max-width:100%;\"\n                \/>\n            <\/a>\n        <\/div>\n\t\t\t\t\t\t\t<\/div> \n\t\t\t\n\t\t\t\t<div id=\"ngg-image-16\" class=\"ngg-gallery-thumbnail-box \" >\n\t\t\t\t        <div class=\"ngg-gallery-thumbnail\">\n            <a href=\"https:\/\/spbuk.pl\/wp-content\/gallery\/czwartoklasisci_na_drugim_miejscu_w_gminnych_potyczkach_ortograficznych_na_sportowo\/image19.jpg\"\n               title=\"\"\n               data-src=\"https:\/\/spbuk.pl\/wp-content\/gallery\/czwartoklasisci_na_drugim_miejscu_w_gminnych_potyczkach_ortograficznych_na_sportowo\/image19.jpg\"\n               data-thumbnail=\"https:\/\/spbuk.pl\/wp-content\/gallery\/czwartoklasisci_na_drugim_miejscu_w_gminnych_potyczkach_ortograficznych_na_sportowo\/thumbs\/thumbs_image19.jpg\"\n               data-image-id=\"10218\"\n               data-title=\"image19\"\n               data-description=\"\"\n               data-image-slug=\"image19\"\n               class=\"ngg-simplelightbox\" rel=\"17a1c0026d02a49d927ecb15cad882dd\">\n                <img\n                    title=\"image19\"\n                    alt=\"image19\"\n                    src=\"https:\/\/spbuk.pl\/wp-content\/gallery\/czwartoklasisci_na_drugim_miejscu_w_gminnych_potyczkach_ortograficznych_na_sportowo\/thumbs\/thumbs_image19.jpg\"\n                    width=\"240\"\n                    height=\"160\"\n                    style=\"max-width:100%;\"\n                \/>\n            <\/a>\n        <\/div>\n\t\t\t\t\t\t\t<\/div> \n\t\t\t\n\t\t\t\t<div id=\"ngg-image-17\" class=\"ngg-gallery-thumbnail-box \" >\n\t\t\t\t        <div class=\"ngg-gallery-thumbnail\">\n            <a href=\"https:\/\/spbuk.pl\/wp-content\/gallery\/czwartoklasisci_na_drugim_miejscu_w_gminnych_potyczkach_ortograficznych_na_sportowo\/image18.jpg\"\n               title=\"\"\n               data-src=\"https:\/\/spbuk.pl\/wp-content\/gallery\/czwartoklasisci_na_drugim_miejscu_w_gminnych_potyczkach_ortograficznych_na_sportowo\/image18.jpg\"\n               data-thumbnail=\"https:\/\/spbuk.pl\/wp-content\/gallery\/czwartoklasisci_na_drugim_miejscu_w_gminnych_potyczkach_ortograficznych_na_sportowo\/thumbs\/thumbs_image18.jpg\"\n               data-image-id=\"10219\"\n               data-title=\"image18\"\n               data-description=\"\"\n               data-image-slug=\"image18\"\n               class=\"ngg-simplelightbox\" rel=\"17a1c0026d02a49d927ecb15cad882dd\">\n                <img\n                    title=\"image18\"\n                    alt=\"image18\"\n                    src=\"https:\/\/spbuk.pl\/wp-content\/gallery\/czwartoklasisci_na_drugim_miejscu_w_gminnych_potyczkach_ortograficznych_na_sportowo\/thumbs\/thumbs_image18.jpg\"\n                    width=\"240\"\n                    height=\"160\"\n                    style=\"max-width:100%;\"\n                \/>\n            <\/a>\n        <\/div>\n\t\t\t\t\t\t\t<\/div> \n\t\t\t\n\t\t\t\t<div id=\"ngg-image-18\" class=\"ngg-gallery-thumbnail-box \" >\n\t\t\t\t        <div class=\"ngg-gallery-thumbnail\">\n            <a href=\"https:\/\/spbuk.pl\/wp-content\/gallery\/czwartoklasisci_na_drugim_miejscu_w_gminnych_potyczkach_ortograficznych_na_sportowo\/image21.jpg\"\n               title=\"\"\n               data-src=\"https:\/\/spbuk.pl\/wp-content\/gallery\/czwartoklasisci_na_drugim_miejscu_w_gminnych_potyczkach_ortograficznych_na_sportowo\/image21.jpg\"\n               data-thumbnail=\"https:\/\/spbuk.pl\/wp-content\/gallery\/czwartoklasisci_na_drugim_miejscu_w_gminnych_potyczkach_ortograficznych_na_sportowo\/thumbs\/thumbs_image21.jpg\"\n               data-image-id=\"10220\"\n               data-title=\"image21\"\n               data-description=\"\"\n               data-image-slug=\"image21\"\n               class=\"ngg-simplelightbox\" rel=\"17a1c0026d02a49d927ecb15cad882dd\">\n                <img\n                    title=\"image21\"\n                    alt=\"image21\"\n                    src=\"https:\/\/spbuk.pl\/wp-content\/gallery\/czwartoklasisci_na_drugim_miejscu_w_gminnych_potyczkach_ortograficznych_na_sportowo\/thumbs\/thumbs_image21.jpg\"\n                    width=\"240\"\n                    height=\"160\"\n                    style=\"max-width:100%;\"\n                \/>\n            <\/a>\n        <\/div>\n\t\t\t\t\t\t\t<\/div> \n\t\t\t\n\t\t\t\t<div id=\"ngg-image-19\" class=\"ngg-gallery-thumbnail-box \" >\n\t\t\t\t        <div class=\"ngg-gallery-thumbnail\">\n            <a href=\"https:\/\/spbuk.pl\/wp-content\/gallery\/czwartoklasisci_na_drugim_miejscu_w_gminnych_potyczkach_ortograficznych_na_sportowo\/image20.jpg\"\n               title=\"\"\n               data-src=\"https:\/\/spbuk.pl\/wp-content\/gallery\/czwartoklasisci_na_drugim_miejscu_w_gminnych_potyczkach_ortograficznych_na_sportowo\/image20.jpg\"\n               data-thumbnail=\"https:\/\/spbuk.pl\/wp-content\/gallery\/czwartoklasisci_na_drugim_miejscu_w_gminnych_potyczkach_ortograficznych_na_sportowo\/thumbs\/thumbs_image20.jpg\"\n               data-image-id=\"10221\"\n               data-title=\"image20\"\n               data-description=\"\"\n               data-image-slug=\"image20\"\n               class=\"ngg-simplelightbox\" rel=\"17a1c0026d02a49d927ecb15cad882dd\">\n                <img\n                    title=\"image20\"\n                    alt=\"image20\"\n                    src=\"https:\/\/spbuk.pl\/wp-content\/gallery\/czwartoklasisci_na_drugim_miejscu_w_gminnych_potyczkach_ortograficznych_na_sportowo\/thumbs\/thumbs_image20.jpg\"\n                    width=\"240\"\n                    height=\"160\"\n                    style=\"max-width:100%;\"\n                \/>\n            <\/a>\n        <\/div>\n\t\t\t\t\t\t\t<\/div> \n\t\t\t\n\t\t\t\t<div id=\"ngg-image-20\" class=\"ngg-gallery-thumbnail-box \" >\n\t\t\t\t        <div class=\"ngg-gallery-thumbnail\">\n            <a href=\"https:\/\/spbuk.pl\/wp-content\/gallery\/czwartoklasisci_na_drugim_miejscu_w_gminnych_potyczkach_ortograficznych_na_sportowo\/image22.jpg\"\n               title=\"\"\n               data-src=\"https:\/\/spbuk.pl\/wp-content\/gallery\/czwartoklasisci_na_drugim_miejscu_w_gminnych_potyczkach_ortograficznych_na_sportowo\/image22.jpg\"\n               data-thumbnail=\"https:\/\/spbuk.pl\/wp-content\/gallery\/czwartoklasisci_na_drugim_miejscu_w_gminnych_potyczkach_ortograficznych_na_sportowo\/thumbs\/thumbs_image22.jpg\"\n               data-image-id=\"10222\"\n               data-title=\"image22\"\n               data-description=\"\"\n               data-image-slug=\"image22\"\n               class=\"ngg-simplelightbox\" rel=\"17a1c0026d02a49d927ecb15cad882dd\">\n                <img\n                    title=\"image22\"\n                    alt=\"image22\"\n                    src=\"https:\/\/spbuk.pl\/wp-content\/gallery\/czwartoklasisci_na_drugim_miejscu_w_gminnych_potyczkach_ortograficznych_na_sportowo\/thumbs\/thumbs_image22.jpg\"\n                    width=\"240\"\n                    height=\"160\"\n                    style=\"max-width:100%;\"\n                \/>\n            <\/a>\n        <\/div>\n\t\t\t\t\t\t\t<\/div> \n\t\t\t\n\t\t\t\t<div id=\"ngg-image-21\" class=\"ngg-gallery-thumbnail-box \" >\n\t\t\t\t        <div class=\"ngg-gallery-thumbnail\">\n            <a href=\"https:\/\/spbuk.pl\/wp-content\/gallery\/czwartoklasisci_na_drugim_miejscu_w_gminnych_potyczkach_ortograficznych_na_sportowo\/image.jpg\"\n               title=\"\"\n               data-src=\"https:\/\/spbuk.pl\/wp-content\/gallery\/czwartoklasisci_na_drugim_miejscu_w_gminnych_potyczkach_ortograficznych_na_sportowo\/image.jpg\"\n               data-thumbnail=\"https:\/\/spbuk.pl\/wp-content\/gallery\/czwartoklasisci_na_drugim_miejscu_w_gminnych_potyczkach_ortograficznych_na_sportowo\/thumbs\/thumbs_image.jpg\"\n               data-image-id=\"10223\"\n               data-title=\"image\"\n               data-description=\"\"\n               data-image-slug=\"image-320\"\n               class=\"ngg-simplelightbox\" rel=\"17a1c0026d02a49d927ecb15cad882dd\">\n                <img\n                    title=\"image\"\n                    alt=\"image\"\n                    src=\"https:\/\/spbuk.pl\/wp-content\/gallery\/czwartoklasisci_na_drugim_miejscu_w_gminnych_potyczkach_ortograficznych_na_sportowo\/thumbs\/thumbs_image.jpg\"\n                    width=\"240\"\n                    height=\"160\"\n                    style=\"max-width:100%;\"\n                \/>\n            <\/a>\n        <\/div>\n\t\t\t\t\t\t\t<\/div> \n\t\t\t\n\t\n\t<br style=\"clear: both\" \/>\n\n\t\n\t\t<!-- Pagination -->\n\t<div class='ngg-clear'><\/div>\t<\/div>\n\n","protected":false},"excerpt":{"rendered":"<p>Dnia 24 kwietnia 2025 w Szkole Podstawowej w Szewcach odby\u0142y si\u0119 \u201eII Gminne Potyczki Ortograficzne na Sportowo\u201d. Konkurs adresowany by\u0142 do uczni\u00f3w klas czwartych, a nasz\u0105 szko\u0142\u0119 reprezentowali uczniowie klas 4a: Marcel Ka\u017amierczak i Tadeusz Pawlak oraz 4d: Wiktor Bednarek, Lilianna Ja\u015bkowiak, Nikolas Je\u017cewski, Lilianna Karabon, Maksym Makaruk. Uczniowie zaprezentowali [&hellip;]<\/p>\n","protected":false},"author":3,"featured_media":31154,"comment_status":"open","ping_status":"open","sticky":false,"template":"","format":"standard","meta":{"ngg_post_thumbnail":0,"footnotes":""},"categories":[23,109,64,78],"tags":[],"class_list":["post-33965","post","type-post","status-publish","format-standard","has-post-thumbnail","hentry","category-aktualnosci","category-inne","category-wydarzenia","category-wyniki"],"_links":{"self":[{"href":"https:\/\/spbuk.pl\/index.php?rest_route=\/wp\/v2\/posts\/33965","targetHints":{"allow":["GET"]}}],"collection":[{"href":"https:\/\/spbuk.pl\/index.php?rest_route=\/wp\/v2\/posts"}],"about":[{"href":"https:\/\/spbuk.pl\/index.php?rest_route=\/wp\/v2\/types\/post"}],"author":[{"embeddable":true,"href":"https:\/\/spbuk.pl\/index.php?rest_route=\/wp\/v2\/users\/3"}],"replies":[{"embeddable":true,"href":"https:\/\/spbuk.pl\/index.php?rest_route=%2Fwp%2Fv2%2Fcomments&post=33965"}],"version-history":[{"count":2,"href":"https:\/\/spbuk.pl\/index.php?rest_route=\/wp\/v2\/posts\/33965\/revisions"}],"predecessor-version":[{"id":33990,"href":"https:\/\/spbuk.pl\/index.php?rest_route=\/wp\/v2\/posts\/33965\/revisions\/33990"}],"wp:featuredmedia":[{"embeddable":true,"href":"https:\/\/spbuk.pl\/index.php?rest_route=\/wp\/v2\/media\/31154"}],"wp:attachment":[{"href":"https:\/\/spbuk.pl\/index.php?rest_route=%2Fwp%2Fv2%2Fmedia&parent=33965"}],"wp:term":[{"taxonomy":"category","embeddable":true,"href":"https:\/\/spbuk.pl\/index.php?rest_route=%2Fwp%2Fv2%2Fcategories&post=33965"},{"taxonomy":"post_tag","embeddable":true,"href":"https:\/\/spbuk.pl\/index.php?rest_route=%2Fwp%2Fv2%2Ftags&post=33965"}],"curies":[{"name":"wp","href":"https:\/\/api.w.org\/{rel}","templated":true}]}}