{"id":33960,"date":"2025-05-04T15:53:59","date_gmt":"2025-05-04T13:53:59","guid":{"rendered":"https:\/\/spbuk.pl\/?p=33960"},"modified":"2025-05-04T15:53:59","modified_gmt":"2025-05-04T13:53:59","slug":"patronalne-swieto-szkolnych-kol-caritas","status":"publish","type":"post","link":"https:\/\/spbuk.pl\/?p=33960","title":{"rendered":"Patronalne \u015bwi\u0119to Szkolnych K\u00f3\u0142 Caritas"},"content":{"rendered":"<p>W tym roku <strong>Patronalne \u015awi\u0119to Szkolnych K\u00f3\u0142 Caritas<\/strong> odby\u0142o si\u0119 <strong>29 kwietnia<\/strong> w<strong> Zaniemy\u015blu<\/strong> w o\u015brodku Caritas <strong>\u201eBojanowe Gniazdo\u201d<\/strong>. <strong>Spotkanie<\/strong> mia\u0142o charakter <strong>formacyjno-integracyjny<\/strong>. Sp\u0119dzili\u015bmy ten czas na wsp\u00f3lnej zabawie, wymianie do\u015bwiadcze\u0144, zdobywaniu nowych pomys\u0142\u00f3w i inspiracji do skutecznego pomagania. Udzia\u0142 w proponowanych warsztatach by\u0142 okazj\u0105 do rozwijania i poszerzania swoich zainteresowa\u0144 i pasji.<\/p>\n<!-- default-view.php -->\n<div\n\tclass=\"ngg-galleryoverview default-view \"\n\tid=\"ngg-gallery-a2d1a06aa85cbc7b92e04b435a36d45b-1\">\n\n\t\t<!-- Thumbnails -->\n\t\t\t\t<div id=\"ngg-image-0\" class=\"ngg-gallery-thumbnail-box \" >\n\t\t\t\t        <div class=\"ngg-gallery-thumbnail\">\n            <a href=\"https:\/\/spbuk.pl\/wp-content\/gallery\/patronalne_swieto_szkolnych_kol_caritas\/1.jpg\"\n               title=\"\"\n               data-src=\"https:\/\/spbuk.pl\/wp-content\/gallery\/patronalne_swieto_szkolnych_kol_caritas\/1.jpg\"\n               data-thumbnail=\"https:\/\/spbuk.pl\/wp-content\/gallery\/patronalne_swieto_szkolnych_kol_caritas\/thumbs\/thumbs_1.jpg\"\n               data-image-id=\"10200\"\n               data-title=\"ZJAZD SZKOLNYCH K\u00d3\u0141 CARITAS - 1\"\n               data-description=\"\"\n               data-image-slug=\"1-13\"\n               class=\"ngg-simplelightbox\" rel=\"a2d1a06aa85cbc7b92e04b435a36d45b\">\n                <img\n                    title=\"ZJAZD SZKOLNYCH K\u00d3\u0141 CARITAS - 1\"\n                    alt=\"ZJAZD SZKOLNYCH K\u00d3\u0141 CARITAS - 1\"\n                    src=\"https:\/\/spbuk.pl\/wp-content\/gallery\/patronalne_swieto_szkolnych_kol_caritas\/thumbs\/thumbs_1.jpg\"\n                    width=\"240\"\n                    height=\"160\"\n                    style=\"max-width:100%;\"\n                \/>\n            <\/a>\n        <\/div>\n\t\t\t\t\t\t\t<\/div> \n\t\t\t\n\t\t\t\t<div id=\"ngg-image-1\" class=\"ngg-gallery-thumbnail-box \" >\n\t\t\t\t        <div class=\"ngg-gallery-thumbnail\">\n            <a href=\"https:\/\/spbuk.pl\/wp-content\/gallery\/patronalne_swieto_szkolnych_kol_caritas\/2.jpg\"\n               title=\"\"\n               data-src=\"https:\/\/spbuk.pl\/wp-content\/gallery\/patronalne_swieto_szkolnych_kol_caritas\/2.jpg\"\n               data-thumbnail=\"https:\/\/spbuk.pl\/wp-content\/gallery\/patronalne_swieto_szkolnych_kol_caritas\/thumbs\/thumbs_2.jpg\"\n               data-image-id=\"10201\"\n               data-title=\"ZJAZD SZKOLNYCH K\u00d3\u0141 CARITAS - 2\"\n               data-description=\"\"\n               data-image-slug=\"2-13\"\n               class=\"ngg-simplelightbox\" rel=\"a2d1a06aa85cbc7b92e04b435a36d45b\">\n                <img\n                    title=\"ZJAZD SZKOLNYCH K\u00d3\u0141 CARITAS - 2\"\n                    alt=\"ZJAZD SZKOLNYCH K\u00d3\u0141 CARITAS - 2\"\n                    src=\"https:\/\/spbuk.pl\/wp-content\/gallery\/patronalne_swieto_szkolnych_kol_caritas\/thumbs\/thumbs_2.jpg\"\n                    width=\"240\"\n                    height=\"160\"\n                    style=\"max-width:100%;\"\n                \/>\n            <\/a>\n        <\/div>\n\t\t\t\t\t\t\t<\/div> \n\t\t\t\n\t\n\t<br style=\"clear: both\" \/>\n\n\t\n\t\t<!-- Pagination -->\n\t<div class='ngg-clear'><\/div>\t<\/div>\n\n","protected":false},"excerpt":{"rendered":"<p>W tym roku Patronalne \u015awi\u0119to Szkolnych K\u00f3\u0142 Caritas odby\u0142o si\u0119 29 kwietnia w Zaniemy\u015blu w o\u015brodku Caritas \u201eBojanowe Gniazdo\u201d. Spotkanie mia\u0142o charakter formacyjno-integracyjny. Sp\u0119dzili\u015bmy ten czas na wsp\u00f3lnej zabawie, wymianie do\u015bwiadcze\u0144, zdobywaniu nowych pomys\u0142\u00f3w i inspiracji do skutecznego pomagania. Udzia\u0142 w proponowanych warsztatach by\u0142 okazj\u0105 do rozwijania i poszerzania swoich [&hellip;]<\/p>\n","protected":false},"author":3,"featured_media":30831,"comment_status":"open","ping_status":"open","sticky":false,"template":"","format":"standard","meta":{"ngg_post_thumbnail":0,"footnotes":""},"categories":[23,65],"tags":[],"class_list":["post-33960","post","type-post","status-publish","format-standard","has-post-thumbnail","hentry","category-aktualnosci","category-wolontariat"],"_links":{"self":[{"href":"https:\/\/spbuk.pl\/index.php?rest_route=\/wp\/v2\/posts\/33960","targetHints":{"allow":["GET"]}}],"collection":[{"href":"https:\/\/spbuk.pl\/index.php?rest_route=\/wp\/v2\/posts"}],"about":[{"href":"https:\/\/spbuk.pl\/index.php?rest_route=\/wp\/v2\/types\/post"}],"author":[{"embeddable":true,"href":"https:\/\/spbuk.pl\/index.php?rest_route=\/wp\/v2\/users\/3"}],"replies":[{"embeddable":true,"href":"https:\/\/spbuk.pl\/index.php?rest_route=%2Fwp%2Fv2%2Fcomments&post=33960"}],"version-history":[{"count":1,"href":"https:\/\/spbuk.pl\/index.php?rest_route=\/wp\/v2\/posts\/33960\/revisions"}],"predecessor-version":[{"id":33964,"href":"https:\/\/spbuk.pl\/index.php?rest_route=\/wp\/v2\/posts\/33960\/revisions\/33964"}],"wp:featuredmedia":[{"embeddable":true,"href":"https:\/\/spbuk.pl\/index.php?rest_route=\/wp\/v2\/media\/30831"}],"wp:attachment":[{"href":"https:\/\/spbuk.pl\/index.php?rest_route=%2Fwp%2Fv2%2Fmedia&parent=33960"}],"wp:term":[{"taxonomy":"category","embeddable":true,"href":"https:\/\/spbuk.pl\/index.php?rest_route=%2Fwp%2Fv2%2Fcategories&post=33960"},{"taxonomy":"post_tag","embeddable":true,"href":"https:\/\/spbuk.pl\/index.php?rest_route=%2Fwp%2Fv2%2Ftags&post=33960"}],"curies":[{"name":"wp","href":"https:\/\/api.w.org\/{rel}","templated":true}]}}