{"id":33622,"date":"2025-04-11T14:55:36","date_gmt":"2025-04-11T12:55:36","guid":{"rendered":"https:\/\/spbuk.pl\/?p=33622"},"modified":"2025-04-15T00:53:23","modified_gmt":"2025-04-14T22:53:23","slug":"swiatowy-dzien-swiadomosci-autyzmu-w-kolorze-niebieskim-%f0%9f%92%99%f0%9f%92%99","status":"publish","type":"post","link":"https:\/\/spbuk.pl\/?p=33622","title":{"rendered":"\u015awiatowy Dzie\u0144 \u015awiadomo\u015bci Autyzmu w kolorze niebieskim \ud83d\udc99\ud83d\udc99"},"content":{"rendered":"\t\t<div data-elementor-type=\"wp-post\" data-elementor-id=\"33622\" class=\"elementor elementor-33622\">\n\t\t\t\t\t\t\t\t\t<section class=\"elementor-section elementor-top-section elementor-element elementor-element-724ec3c6 elementor-section-boxed elementor-section-height-default elementor-section-height-default\" data-id=\"724ec3c6\" data-element_type=\"section\">\n\t\t\t\t\t\t<div class=\"elementor-container elementor-column-gap-default\">\n\t\t\t\t\t<div class=\"elementor-column elementor-col-100 elementor-top-column elementor-element elementor-element-4c9a72b6\" data-id=\"4c9a72b6\" data-element_type=\"column\">\n\t\t\t<div class=\"elementor-widget-wrap elementor-element-populated\">\n\t\t\t\t\t\t\t\t<div class=\"elementor-element elementor-element-7568a76c elementor-widget elementor-widget-text-editor\" data-id=\"7568a76c\" data-element_type=\"widget\" data-widget_type=\"text-editor.default\">\n\t\t\t\t<div class=\"elementor-widget-container\">\n\t\t\t\t\t\t\t<p><strong>2\u00a0 kwietnia obchodzimy \u015awiatowy Dzie\u0144 \u015awiadomo\u015bci Autyzmu<\/strong> zwany tak\u017ce \u015awiatowym Dniem Wiedzy na\u00a0temat Autyzmu. Dzie\u0144 ten zosta\u0142 ustanowiony w\u00a0roku 2007 przez Zgromadzenie Og\u00f3lne ONZ w\u00a0celu podnoszenia \u015bwiadomo\u015bci spo\u0142ecznej i\u00a0propagowania wiedzy na\u00a0temat tego zaburzenia. Niebieski jest kolorem autyzmu. Uznawany za najg\u0142\u0119bszy z kolor\u00f3w, rozp\u0142ywaj\u0105cy si\u0119 w niesko\u0144czono\u015bci horyzontu. Jako barwa najczystsza i najzimniejsza zarazem. Tego dnia korytarze szko\u0142y wype\u0142ni\u0142 w\u0142a\u015bnie <strong>kolor niebieski,<\/strong> <strong>dekoracje, ubrania dzieci<\/strong>, pojawi\u0142y si\u0119 <strong>gazetki informacyjne, w klasach uczniowie ogl\u0105dali filmy na temat autyzmu, podejmowali dyskusje.<\/strong> <strong>O godzinie<\/strong> <strong>10.00<\/strong> zebrali\u015bmy si\u0119 na boisku szkolnym i wsp\u00f3lnie od\u015bpiewali\u015bmy <strong>hymn Niebieskich Igrzysk<\/strong>, do kt\u00f3rego uk\u0142ad taneczny wykona\u0142y dzieci z k\u00f3\u0142ka tanecznego pod opiek\u0105 pani Kamili Pawlak. Nad ca\u0142o\u015bci\u0105 czuwa\u0142 Samorz\u0105d Uczniowski pod opiek\u0105 pani Danuty Pleba\u0144skiej.<\/p><!-- default-view.php -->\n<div\n\tclass=\"ngg-galleryoverview default-view \"\n\tid=\"ngg-gallery-b57b8fbe64108e74ec08113ab9822016-1\">\n\n\t\t<!-- Thumbnails -->\n\t\t\t\t<div id=\"ngg-image-0\" class=\"ngg-gallery-thumbnail-box \" >\n\t\t\t\t        <div class=\"ngg-gallery-thumbnail\">\n            <a href=\"https:\/\/spbuk.pl\/wp-content\/gallery\/swiatowy_dzien_autyzmu_kwiecien_2025\/shared-image-12.jpg\"\n               title=\"\"\n               data-src=\"https:\/\/spbuk.pl\/wp-content\/gallery\/swiatowy_dzien_autyzmu_kwiecien_2025\/shared-image-12.jpg\"\n               data-thumbnail=\"https:\/\/spbuk.pl\/wp-content\/gallery\/swiatowy_dzien_autyzmu_kwiecien_2025\/thumbs\/thumbs_shared-image-12.jpg\"\n               data-image-id=\"10009\"\n               data-title=\"shared-image-12\"\n               data-description=\"\"\n               data-image-slug=\"shared-image-12-1\"\n               class=\"ngg-simplelightbox\" rel=\"b57b8fbe64108e74ec08113ab9822016\">\n                <img loading=\"lazy\" decoding=\"async\"\n                    title=\"shared-image-12\"\n                    alt=\"shared-image-12\"\n                    src=\"https:\/\/spbuk.pl\/wp-content\/gallery\/swiatowy_dzien_autyzmu_kwiecien_2025\/thumbs\/thumbs_shared-image-12.jpg\"\n                    width=\"240\"\n                    height=\"160\"\n                    style=\"max-width:100%;\"\n                \/>\n            <\/a>\n        <\/div>\n\t\t\t\t\t\t\t<\/div> \n\t\t\t\n\t\t\t\t<div id=\"ngg-image-1\" class=\"ngg-gallery-thumbnail-box \" >\n\t\t\t\t        <div class=\"ngg-gallery-thumbnail\">\n            <a href=\"https:\/\/spbuk.pl\/wp-content\/gallery\/swiatowy_dzien_autyzmu_kwiecien_2025\/shared-image-2-1.jpg\"\n               title=\"\"\n               data-src=\"https:\/\/spbuk.pl\/wp-content\/gallery\/swiatowy_dzien_autyzmu_kwiecien_2025\/shared-image-2-1.jpg\"\n               data-thumbnail=\"https:\/\/spbuk.pl\/wp-content\/gallery\/swiatowy_dzien_autyzmu_kwiecien_2025\/thumbs\/thumbs_shared-image-2-1.jpg\"\n               data-image-id=\"10010\"\n               data-title=\"shared-image-2-1\"\n               data-description=\"\"\n               data-image-slug=\"shared-image-2-1-1\"\n               class=\"ngg-simplelightbox\" rel=\"b57b8fbe64108e74ec08113ab9822016\">\n                <img loading=\"lazy\" decoding=\"async\"\n                    title=\"shared-image-2-1\"\n                    alt=\"shared-image-2-1\"\n                    src=\"https:\/\/spbuk.pl\/wp-content\/gallery\/swiatowy_dzien_autyzmu_kwiecien_2025\/thumbs\/thumbs_shared-image-2-1.jpg\"\n                    width=\"240\"\n                    height=\"160\"\n                    style=\"max-width:100%;\"\n                \/>\n            <\/a>\n        <\/div>\n\t\t\t\t\t\t\t<\/div> \n\t\t\t\n\t\t\t\t<div id=\"ngg-image-2\" class=\"ngg-gallery-thumbnail-box \" >\n\t\t\t\t        <div class=\"ngg-gallery-thumbnail\">\n            <a href=\"https:\/\/spbuk.pl\/wp-content\/gallery\/swiatowy_dzien_autyzmu_kwiecien_2025\/20250402_105727.jpg\"\n               title=\"\"\n               data-src=\"https:\/\/spbuk.pl\/wp-content\/gallery\/swiatowy_dzien_autyzmu_kwiecien_2025\/20250402_105727.jpg\"\n               data-thumbnail=\"https:\/\/spbuk.pl\/wp-content\/gallery\/swiatowy_dzien_autyzmu_kwiecien_2025\/thumbs\/thumbs_20250402_105727.jpg\"\n               data-image-id=\"10011\"\n               data-title=\"20250402_105727\"\n               data-description=\"\"\n               data-image-slug=\"20250402_105727\"\n               class=\"ngg-simplelightbox\" rel=\"b57b8fbe64108e74ec08113ab9822016\">\n                <img loading=\"lazy\" decoding=\"async\"\n                    title=\"20250402_105727\"\n                    alt=\"20250402_105727\"\n                    src=\"https:\/\/spbuk.pl\/wp-content\/gallery\/swiatowy_dzien_autyzmu_kwiecien_2025\/thumbs\/thumbs_20250402_105727.jpg\"\n                    width=\"240\"\n                    height=\"160\"\n                    style=\"max-width:100%;\"\n                \/>\n            <\/a>\n        <\/div>\n\t\t\t\t\t\t\t<\/div> \n\t\t\t\n\t\t\t\t<div id=\"ngg-image-3\" class=\"ngg-gallery-thumbnail-box \" >\n\t\t\t\t        <div class=\"ngg-gallery-thumbnail\">\n            <a href=\"https:\/\/spbuk.pl\/wp-content\/gallery\/swiatowy_dzien_autyzmu_kwiecien_2025\/20250402_105744.jpg\"\n               title=\"\"\n               data-src=\"https:\/\/spbuk.pl\/wp-content\/gallery\/swiatowy_dzien_autyzmu_kwiecien_2025\/20250402_105744.jpg\"\n               data-thumbnail=\"https:\/\/spbuk.pl\/wp-content\/gallery\/swiatowy_dzien_autyzmu_kwiecien_2025\/thumbs\/thumbs_20250402_105744.jpg\"\n               data-image-id=\"10012\"\n               data-title=\"20250402_105744\"\n               data-description=\"\"\n               data-image-slug=\"20250402_105744\"\n               class=\"ngg-simplelightbox\" rel=\"b57b8fbe64108e74ec08113ab9822016\">\n                <img loading=\"lazy\" decoding=\"async\"\n                    title=\"20250402_105744\"\n                    alt=\"20250402_105744\"\n                    src=\"https:\/\/spbuk.pl\/wp-content\/gallery\/swiatowy_dzien_autyzmu_kwiecien_2025\/thumbs\/thumbs_20250402_105744.jpg\"\n                    width=\"240\"\n                    height=\"160\"\n                    style=\"max-width:100%;\"\n                \/>\n            <\/a>\n        <\/div>\n\t\t\t\t\t\t\t<\/div> \n\t\t\t\n\t\t\t\t<div id=\"ngg-image-4\" class=\"ngg-gallery-thumbnail-box \" >\n\t\t\t\t        <div class=\"ngg-gallery-thumbnail\">\n            <a href=\"https:\/\/spbuk.pl\/wp-content\/gallery\/swiatowy_dzien_autyzmu_kwiecien_2025\/20250402_105804.jpg\"\n               title=\"\"\n               data-src=\"https:\/\/spbuk.pl\/wp-content\/gallery\/swiatowy_dzien_autyzmu_kwiecien_2025\/20250402_105804.jpg\"\n               data-thumbnail=\"https:\/\/spbuk.pl\/wp-content\/gallery\/swiatowy_dzien_autyzmu_kwiecien_2025\/thumbs\/thumbs_20250402_105804.jpg\"\n               data-image-id=\"10013\"\n               data-title=\"20250402_105804\"\n               data-description=\"\"\n               data-image-slug=\"20250402_105804\"\n               class=\"ngg-simplelightbox\" rel=\"b57b8fbe64108e74ec08113ab9822016\">\n                <img loading=\"lazy\" decoding=\"async\"\n                    title=\"20250402_105804\"\n                    alt=\"20250402_105804\"\n                    src=\"https:\/\/spbuk.pl\/wp-content\/gallery\/swiatowy_dzien_autyzmu_kwiecien_2025\/thumbs\/thumbs_20250402_105804.jpg\"\n                    width=\"240\"\n                    height=\"160\"\n                    style=\"max-width:100%;\"\n                \/>\n            <\/a>\n        <\/div>\n\t\t\t\t\t\t\t<\/div> \n\t\t\t\n\t\t\t\t<div id=\"ngg-image-5\" class=\"ngg-gallery-thumbnail-box \" >\n\t\t\t\t        <div class=\"ngg-gallery-thumbnail\">\n            <a href=\"https:\/\/spbuk.pl\/wp-content\/gallery\/swiatowy_dzien_autyzmu_kwiecien_2025\/20250402_105751.jpg\"\n               title=\"\"\n               data-src=\"https:\/\/spbuk.pl\/wp-content\/gallery\/swiatowy_dzien_autyzmu_kwiecien_2025\/20250402_105751.jpg\"\n               data-thumbnail=\"https:\/\/spbuk.pl\/wp-content\/gallery\/swiatowy_dzien_autyzmu_kwiecien_2025\/thumbs\/thumbs_20250402_105751.jpg\"\n               data-image-id=\"10014\"\n               data-title=\"20250402_105751\"\n               data-description=\"\"\n               data-image-slug=\"20250402_105751\"\n               class=\"ngg-simplelightbox\" rel=\"b57b8fbe64108e74ec08113ab9822016\">\n                <img loading=\"lazy\" decoding=\"async\"\n                    title=\"20250402_105751\"\n                    alt=\"20250402_105751\"\n                    src=\"https:\/\/spbuk.pl\/wp-content\/gallery\/swiatowy_dzien_autyzmu_kwiecien_2025\/thumbs\/thumbs_20250402_105751.jpg\"\n                    width=\"240\"\n                    height=\"160\"\n                    style=\"max-width:100%;\"\n                \/>\n            <\/a>\n        <\/div>\n\t\t\t\t\t\t\t<\/div> \n\t\t\t\n\t\t\t\t<div id=\"ngg-image-6\" class=\"ngg-gallery-thumbnail-box \" >\n\t\t\t\t        <div class=\"ngg-gallery-thumbnail\">\n            <a href=\"https:\/\/spbuk.pl\/wp-content\/gallery\/swiatowy_dzien_autyzmu_kwiecien_2025\/20250402_105806.jpg\"\n               title=\"\"\n               data-src=\"https:\/\/spbuk.pl\/wp-content\/gallery\/swiatowy_dzien_autyzmu_kwiecien_2025\/20250402_105806.jpg\"\n               data-thumbnail=\"https:\/\/spbuk.pl\/wp-content\/gallery\/swiatowy_dzien_autyzmu_kwiecien_2025\/thumbs\/thumbs_20250402_105806.jpg\"\n               data-image-id=\"10015\"\n               data-title=\"20250402_105806\"\n               data-description=\"\"\n               data-image-slug=\"20250402_105806\"\n               class=\"ngg-simplelightbox\" rel=\"b57b8fbe64108e74ec08113ab9822016\">\n                <img loading=\"lazy\" decoding=\"async\"\n                    title=\"20250402_105806\"\n                    alt=\"20250402_105806\"\n                    src=\"https:\/\/spbuk.pl\/wp-content\/gallery\/swiatowy_dzien_autyzmu_kwiecien_2025\/thumbs\/thumbs_20250402_105806.jpg\"\n                    width=\"240\"\n                    height=\"160\"\n                    style=\"max-width:100%;\"\n                \/>\n            <\/a>\n        <\/div>\n\t\t\t\t\t\t\t<\/div> \n\t\t\t\n\t\t\t\t<div id=\"ngg-image-7\" class=\"ngg-gallery-thumbnail-box \" >\n\t\t\t\t        <div class=\"ngg-gallery-thumbnail\">\n            <a href=\"https:\/\/spbuk.pl\/wp-content\/gallery\/swiatowy_dzien_autyzmu_kwiecien_2025\/20250402_105837.jpg\"\n               title=\"\"\n               data-src=\"https:\/\/spbuk.pl\/wp-content\/gallery\/swiatowy_dzien_autyzmu_kwiecien_2025\/20250402_105837.jpg\"\n               data-thumbnail=\"https:\/\/spbuk.pl\/wp-content\/gallery\/swiatowy_dzien_autyzmu_kwiecien_2025\/thumbs\/thumbs_20250402_105837.jpg\"\n               data-image-id=\"10016\"\n               data-title=\"20250402_105837\"\n               data-description=\"\"\n               data-image-slug=\"20250402_105837\"\n               class=\"ngg-simplelightbox\" rel=\"b57b8fbe64108e74ec08113ab9822016\">\n                <img loading=\"lazy\" decoding=\"async\"\n                    title=\"20250402_105837\"\n                    alt=\"20250402_105837\"\n                    src=\"https:\/\/spbuk.pl\/wp-content\/gallery\/swiatowy_dzien_autyzmu_kwiecien_2025\/thumbs\/thumbs_20250402_105837.jpg\"\n                    width=\"240\"\n                    height=\"160\"\n                    style=\"max-width:100%;\"\n                \/>\n            <\/a>\n        <\/div>\n\t\t\t\t\t\t\t<\/div> \n\t\t\t\n\t\t\t\t<div id=\"ngg-image-8\" class=\"ngg-gallery-thumbnail-box \" >\n\t\t\t\t        <div class=\"ngg-gallery-thumbnail\">\n            <a href=\"https:\/\/spbuk.pl\/wp-content\/gallery\/swiatowy_dzien_autyzmu_kwiecien_2025\/Multimedia-24.jpg\"\n               title=\"\"\n               data-src=\"https:\/\/spbuk.pl\/wp-content\/gallery\/swiatowy_dzien_autyzmu_kwiecien_2025\/Multimedia-24.jpg\"\n               data-thumbnail=\"https:\/\/spbuk.pl\/wp-content\/gallery\/swiatowy_dzien_autyzmu_kwiecien_2025\/thumbs\/thumbs_Multimedia-24.jpg\"\n               data-image-id=\"10017\"\n               data-title=\"Multimedia-24\"\n               data-description=\"\"\n               data-image-slug=\"multimedia-24-3\"\n               class=\"ngg-simplelightbox\" rel=\"b57b8fbe64108e74ec08113ab9822016\">\n                <img loading=\"lazy\" decoding=\"async\"\n                    title=\"Multimedia-24\"\n                    alt=\"Multimedia-24\"\n                    src=\"https:\/\/spbuk.pl\/wp-content\/gallery\/swiatowy_dzien_autyzmu_kwiecien_2025\/thumbs\/thumbs_Multimedia-24.jpg\"\n                    width=\"240\"\n                    height=\"160\"\n                    style=\"max-width:100%;\"\n                \/>\n            <\/a>\n        <\/div>\n\t\t\t\t\t\t\t<\/div> \n\t\t\t\n\t\n\t<br style=\"clear: both\" \/>\n\n\t\n\t\t<!-- Pagination -->\n\t<div class='ngg-clear'><\/div>\t<\/div>\n\t\t\t\t\t\t<\/div>\n\t\t\t\t<\/div>\n\t\t\t\t\t<\/div>\n\t\t<\/div>\n\t\t\t\t\t\t\t<\/div>\n\t\t<\/section>\n\t\t\t\t<section class=\"elementor-section elementor-top-section elementor-element elementor-element-f3dcbc1 elementor-section-boxed elementor-section-height-default elementor-section-height-default\" data-id=\"f3dcbc1\" data-element_type=\"section\">\n\t\t\t\t\t\t<div class=\"elementor-container elementor-column-gap-default\">\n\t\t\t\t\t<div class=\"elementor-column elementor-col-33 elementor-top-column elementor-element elementor-element-0912d3a\" data-id=\"0912d3a\" data-element_type=\"column\">\n\t\t\t<div class=\"elementor-widget-wrap elementor-element-populated\">\n\t\t\t\t\t\t\t\t<div class=\"elementor-element elementor-element-82e942a elementor-widget elementor-widget-video\" data-id=\"82e942a\" data-element_type=\"widget\" data-settings=\"{&quot;video_type&quot;:&quot;hosted&quot;,&quot;controls&quot;:&quot;yes&quot;}\" data-widget_type=\"video.default\">\n\t\t\t\t<div class=\"elementor-widget-container\">\n\t\t\t\t\t<div class=\"e-hosted-video elementor-wrapper elementor-open-inline\">\n\t\t\t\t\t<video class=\"elementor-video\" src=\"https:\/\/spbuk.pl\/wp-content\/uploads\/2025\/04\/MicrosoftTeams-video-3.mp4\" controls=\"\" preload=\"metadata\" controlsList=\"nodownload\"><\/video>\n\t\t\t\t<\/div>\n\t\t\t\t<\/div>\n\t\t\t\t<\/div>\n\t\t\t\t\t<\/div>\n\t\t<\/div>\n\t\t\t\t<div class=\"elementor-column elementor-col-33 elementor-top-column elementor-element elementor-element-b936e8d\" data-id=\"b936e8d\" data-element_type=\"column\">\n\t\t\t<div class=\"elementor-widget-wrap elementor-element-populated\">\n\t\t\t\t\t\t\t\t<div class=\"elementor-element elementor-element-b1e52af elementor-widget elementor-widget-video\" data-id=\"b1e52af\" data-element_type=\"widget\" data-settings=\"{&quot;video_type&quot;:&quot;hosted&quot;,&quot;controls&quot;:&quot;yes&quot;}\" data-widget_type=\"video.default\">\n\t\t\t\t<div class=\"elementor-widget-container\">\n\t\t\t\t\t<div class=\"e-hosted-video elementor-wrapper elementor-open-inline\">\n\t\t\t\t\t<video class=\"elementor-video\" src=\"https:\/\/spbuk.pl\/wp-content\/uploads\/2025\/04\/MicrosoftTeams-video-1.mp4\" controls=\"\" preload=\"metadata\" controlsList=\"nodownload\"><\/video>\n\t\t\t\t<\/div>\n\t\t\t\t<\/div>\n\t\t\t\t<\/div>\n\t\t\t\t\t<\/div>\n\t\t<\/div>\n\t\t\t\t<div class=\"elementor-column elementor-col-33 elementor-top-column elementor-element elementor-element-4d0ebfa\" data-id=\"4d0ebfa\" data-element_type=\"column\">\n\t\t\t<div class=\"elementor-widget-wrap elementor-element-populated\">\n\t\t\t\t\t\t\t\t<div class=\"elementor-element elementor-element-8c350c5 elementor-widget elementor-widget-video\" data-id=\"8c350c5\" data-element_type=\"widget\" data-settings=\"{&quot;video_type&quot;:&quot;hosted&quot;,&quot;controls&quot;:&quot;yes&quot;}\" data-widget_type=\"video.default\">\n\t\t\t\t<div class=\"elementor-widget-container\">\n\t\t\t\t\t<div class=\"e-hosted-video elementor-wrapper elementor-open-inline\">\n\t\t\t\t\t<video class=\"elementor-video\" src=\"https:\/\/spbuk.pl\/wp-content\/uploads\/2025\/04\/MicrosoftTeams-video-4.mp4\" controls=\"\" preload=\"metadata\" controlsList=\"nodownload\"><\/video>\n\t\t\t\t<\/div>\n\t\t\t\t<\/div>\n\t\t\t\t<\/div>\n\t\t\t\t\t<\/div>\n\t\t<\/div>\n\t\t\t\t\t\t\t<\/div>\n\t\t<\/section>\n\t\t\t\t\t\t\t<\/div>\n\t\t","protected":false},"excerpt":{"rendered":"<p>2&nbsp; kwietnia obchodzimy \u015awiatowy Dzie\u0144 \u015awiadomo\u015bci Autyzmu zwany tak\u017ce \u015awiatowym Dniem Wiedzy na&nbsp;temat Autyzmu. Dzie\u0144 ten zosta\u0142 ustanowiony w&nbsp;roku 2007 przez Zgromadzenie Og\u00f3lne ONZ w&nbsp;celu podnoszenia \u015bwiadomo\u015bci spo\u0142ecznej i&nbsp;propagowania wiedzy na&nbsp;temat tego zaburzenia. Niebieski jest kolorem autyzmu. Uznawany za najg\u0142\u0119bszy z kolor\u00f3w, rozp\u0142ywaj\u0105cy si\u0119 w niesko\u0144czono\u015bci horyzontu. Jako barwa najczystsza [&hellip;]<\/p>\n","protected":false},"author":3,"featured_media":30890,"comment_status":"open","ping_status":"open","sticky":false,"template":"","format":"standard","meta":{"ngg_post_thumbnail":0,"footnotes":""},"categories":[23,36],"tags":[],"class_list":["post-33622","post","type-post","status-publish","format-standard","has-post-thumbnail","hentry","category-aktualnosci","category-wydarzenia-su"],"_links":{"self":[{"href":"https:\/\/spbuk.pl\/index.php?rest_route=\/wp\/v2\/posts\/33622","targetHints":{"allow":["GET"]}}],"collection":[{"href":"https:\/\/spbuk.pl\/index.php?rest_route=\/wp\/v2\/posts"}],"about":[{"href":"https:\/\/spbuk.pl\/index.php?rest_route=\/wp\/v2\/types\/post"}],"author":[{"embeddable":true,"href":"https:\/\/spbuk.pl\/index.php?rest_route=\/wp\/v2\/users\/3"}],"replies":[{"embeddable":true,"href":"https:\/\/spbuk.pl\/index.php?rest_route=%2Fwp%2Fv2%2Fcomments&post=33622"}],"version-history":[{"count":5,"href":"https:\/\/spbuk.pl\/index.php?rest_route=\/wp\/v2\/posts\/33622\/revisions"}],"predecessor-version":[{"id":33685,"href":"https:\/\/spbuk.pl\/index.php?rest_route=\/wp\/v2\/posts\/33622\/revisions\/33685"}],"wp:featuredmedia":[{"embeddable":true,"href":"https:\/\/spbuk.pl\/index.php?rest_route=\/wp\/v2\/media\/30890"}],"wp:attachment":[{"href":"https:\/\/spbuk.pl\/index.php?rest_route=%2Fwp%2Fv2%2Fmedia&parent=33622"}],"wp:term":[{"taxonomy":"category","embeddable":true,"href":"https:\/\/spbuk.pl\/index.php?rest_route=%2Fwp%2Fv2%2Fcategories&post=33622"},{"taxonomy":"post_tag","embeddable":true,"href":"https:\/\/spbuk.pl\/index.php?rest_route=%2Fwp%2Fv2%2Ftags&post=33622"}],"curies":[{"name":"wp","href":"https:\/\/api.w.org\/{rel}","templated":true}]}}