{"id":33508,"date":"2025-04-02T00:15:32","date_gmt":"2025-04-01T22:15:32","guid":{"rendered":"https:\/\/spbuk.pl\/?p=33508"},"modified":"2025-04-02T00:15:32","modified_gmt":"2025-04-01T22:15:32","slug":"na-bibliotecznej-polce-3","status":"publish","type":"post","link":"https:\/\/spbuk.pl\/?p=33508","title":{"rendered":"Na bibliotecznej p\u00f3\u0142ce"},"content":{"rendered":"<p><strong>Zezia, mi\u0142o\u015b\u0107 i bunt na statku. <\/strong>Agnieszka Chyli\u0144ska.Zezia jest nastolatk\u0105, kt\u00f3ra dorasta. Chodzi do szko\u0142y, spotyka si\u0119 z kole\u017cankami, ale jej \u017cycie wcale nie jest proste. Marzy o przystojnym ch\u0142opaku, chcia\u0142aby si\u0119 malowa\u0107, a do tego ma problemy z matematyk\u0105. Jakby tego by\u0142o ma\u0142o widzi, \u017ce rodzice maj\u0105 jakie\u015b k\u0142opoty. Czy da sobie z tym wszystkim rad\u0119?<\/p>\n<p><strong>Bogowie i wojownicy. Oko Soko\u0142a.<\/strong> Michelle Paver. Na niegdy\u015b pi\u0119knej wyspie Keftiu, w wyniku pot\u0119\u017cnej erupcji wulkanu powstaje tsunami, kt\u00f3ry niszczy l\u0105d. Do brzegu przybywa Hylas &#8211; nie mo\u017ce uwierzy\u0107 w\u0142asnym oczom. Nastaje ci\u0119\u017cka zima. Ch\u0142opiec jednak wie, \u017ce tylko tutaj mo\u017ce odnale\u017a\u0107 Pirr\u0119 i ma\u0142\u0105 lwic\u0119 Zgub\u0119. Jest jednak jeszcze kto\u015b, kto szuka dziewczyny \u2013 to Telamon i jego bracia &nbsp;&#8211; nie spoczn\u0105 dop\u00f3ki nie odzyskaj\u0105 sztyletu. Rozpoczyna si\u0119 wy\u015bcig z czasem\u2026<\/p>\n<p><strong>Upowa\u017cnienie do szcz\u0119\u015bcia.<\/strong> Katarzyna Grochola. To zbi\u00f3r opowiada\u0144 o przyja\u017ani i mi\u0142o\u015bci. W codziennej krz\u0105taninie czasem trudno zauwa\u017cy\u0107 to, co najwa\u017cniejsze, a szcz\u0119\u015bcie jest nieraz tu\u017c obok nas &#8211; wystarczy po nie si\u0119gn\u0105\u0107 i je dostrzec.<\/p>\n<p><strong>Trzy wierzby.<\/strong> Ann Brasharws. To opowie\u015b\u0107 o trzech dziewczynach: Amy, Joe i Polly, kt\u00f3re przyja\u017ani\u0105 si\u0119 od dzieci\u0144stwa. Ostatnio jednak ich wi\u0119zi znacznie si\u0119 rozlu\u017ani\u0142y. Ama na obozie w\u0119drownym prze\u017cywa niezwyk\u0142e przygody, Jo wyje\u017cd\u017ca nad morze i poznaje wielu nowych przyjaci\u00f3\u0142, a Polly chce zosta\u0107 modelk\u0105, tak jak jej babcia.&nbsp; Czy zdarzy si\u0119 co\u015b, co sprawi \u017ce dziewczyny zrozumiej\u0105, \u017ce przyja\u017a\u0144 to niezwykle cenny dar, kt\u00f3ry otrzyma\u0142y od losu?<\/p>\n<p><strong>Marzenie Emmy. <\/strong>HollyWebb.Emma kocha zwierz\u0119ta, ale nie ma odpowiednich warunk\u00f3w, by w domu zamieszka\u0142o zwierz\u0119. Pomaga zatem w schronisku dla zwierz\u0105t. Niestety dom dla pupili ma problemy finansowe i mo\u017ce zosta\u0107 zamkni\u0119te. Emma i jej przyjaci\u00f3\u0142ki nie mog\u0105 na to pozwoli\u0107, aby zwierz\u0119ta straci\u0142y dach nad g\u0142ow\u0105.<\/p>\n<p><strong>Klub detektyw\u00f3w. \u201eHuragan\u201d i zaginione kartki.<\/strong>JariMakipaa.Para bli\u017aniak\u00f3w Jenni i Jessi&nbsp;sw\u00f3j spryt postanawia wykorzysta\u0107 do rozwi\u0105zywania zagadek kryminalnych. Pierwszym zadaniem, kt\u00f3rego si\u0119 podejmuj\u0105 jest odnalezienie z\u0142odzieja walentynkowych kartek.Sprawa z pozoru wydaje si\u0119 \u0142atwa, jednak bli\u017aniaki maj\u0105 w\u0105tpliwo\u015bci\u2026<\/p>\n<p><strong>Nieustraszona Izabela. <\/strong>Beatrice Masini. Izabela wraz z tat\u0105 podr\u00f3\u017cnikiem wyrusza do d\u017cungli w poszukiwaniu cennego skarbu. W\u015br\u00f3d dzikiej przyrody, zdani na \u0142ask\u0119 niebezpiecznych zwierz\u0105t i miejscowych Indian, odkrywaj\u0105 ruiny staro\u017cytnej \u015bwi\u0105tyni, gdzie ma si\u0119 znajdowa\u0107 najcenniejszy skarb \u015bwiata. Dziewczynka jednak szybko odkrywa, \u017ce nie z\u0142oto i bogactwo s\u0105 najwa\u017cniejsze w \u017cyciu.<\/p>\n<p><strong>Puszcza.<\/strong> Marcin Kostrzy\u0144ski. Witajcie w puszczy \u2013 w niezwyk\u0142ym lesie, gdzie przyroda wiedzie prawdziwie dzikie \u017cycie, niezm\u0105cone ludzk\u0105 r\u0119k\u0105. Tu spotkasz zachwycaj\u0105ce ro\u015bliny i zwierz\u0119ta, kt\u00f3rych nierzadko pr\u00f3\u017cno ju\u017c wypatrywa\u0107 w innych kompleksach le\u015bnych. Pos\u0142uchaj, o czym szumi\u0105 drzewa w puszczy, poznaj codzienne sprawy jej ma\u0142ych i du\u017cych mieszka\u0144c\u00f3w, odkryj ich tajemnice.<\/p>\n<!-- default-view.php -->\n<div\n\tclass=\"ngg-galleryoverview default-view \"\n\tid=\"ngg-gallery-c591f9f16f83dff2bab536256179576d-1\">\n\n\t\t<!-- Thumbnails -->\n\t\t\t\t<div id=\"ngg-image-0\" class=\"ngg-gallery-thumbnail-box \" >\n\t\t\t\t        <div class=\"ngg-gallery-thumbnail\">\n            <a href=\"https:\/\/spbuk.pl\/wp-content\/gallery\/na_bibliotecznej_polce_kwiecien_2025\/OIP-2.jpg\"\n               title=\"\"\n               data-src=\"https:\/\/spbuk.pl\/wp-content\/gallery\/na_bibliotecznej_polce_kwiecien_2025\/OIP-2.jpg\"\n               data-thumbnail=\"https:\/\/spbuk.pl\/wp-content\/gallery\/na_bibliotecznej_polce_kwiecien_2025\/thumbs\/thumbs_OIP-2.jpg\"\n               data-image-id=\"9973\"\n               data-title=\"OIP-2\"\n               data-description=\"\"\n               data-image-slug=\"oip-2-1\"\n               class=\"ngg-simplelightbox\" rel=\"c591f9f16f83dff2bab536256179576d\">\n                <img\n                    title=\"OIP-2\"\n                    alt=\"OIP-2\"\n                    src=\"https:\/\/spbuk.pl\/wp-content\/gallery\/na_bibliotecznej_polce_kwiecien_2025\/thumbs\/thumbs_OIP-2.jpg\"\n                    width=\"240\"\n                    height=\"160\"\n                    style=\"max-width:100%;\"\n                \/>\n            <\/a>\n        <\/div>\n\t\t\t\t\t\t\t<\/div> \n\t\t\t\n\t\t\t\t<div id=\"ngg-image-1\" class=\"ngg-gallery-thumbnail-box \" >\n\t\t\t\t        <div class=\"ngg-gallery-thumbnail\">\n            <a href=\"https:\/\/spbuk.pl\/wp-content\/gallery\/na_bibliotecznej_polce_kwiecien_2025\/352x500.jpg\"\n               title=\"\"\n               data-src=\"https:\/\/spbuk.pl\/wp-content\/gallery\/na_bibliotecznej_polce_kwiecien_2025\/352x500.jpg\"\n               data-thumbnail=\"https:\/\/spbuk.pl\/wp-content\/gallery\/na_bibliotecznej_polce_kwiecien_2025\/thumbs\/thumbs_352x500.jpg\"\n               data-image-id=\"9974\"\n               data-title=\"352x500\"\n               data-description=\"\"\n               data-image-slug=\"352x500\"\n               class=\"ngg-simplelightbox\" rel=\"c591f9f16f83dff2bab536256179576d\">\n                <img\n                    title=\"352x500\"\n                    alt=\"352x500\"\n                    src=\"https:\/\/spbuk.pl\/wp-content\/gallery\/na_bibliotecznej_polce_kwiecien_2025\/thumbs\/thumbs_352x500.jpg\"\n                    width=\"240\"\n                    height=\"160\"\n                    style=\"max-width:100%;\"\n                \/>\n            <\/a>\n        <\/div>\n\t\t\t\t\t\t\t<\/div> \n\t\t\t\n\t\t\t\t<div id=\"ngg-image-2\" class=\"ngg-gallery-thumbnail-box \" >\n\t\t\t\t        <div class=\"ngg-gallery-thumbnail\">\n            <a href=\"https:\/\/spbuk.pl\/wp-content\/gallery\/na_bibliotecznej_polce_kwiecien_2025\/352x500-1.jpg\"\n               title=\"\"\n               data-src=\"https:\/\/spbuk.pl\/wp-content\/gallery\/na_bibliotecznej_polce_kwiecien_2025\/352x500-1.jpg\"\n               data-thumbnail=\"https:\/\/spbuk.pl\/wp-content\/gallery\/na_bibliotecznej_polce_kwiecien_2025\/thumbs\/thumbs_352x500-1.jpg\"\n               data-image-id=\"9975\"\n               data-title=\"352x500-1\"\n               data-description=\"\"\n               data-image-slug=\"352x500-1\"\n               class=\"ngg-simplelightbox\" rel=\"c591f9f16f83dff2bab536256179576d\">\n                <img\n                    title=\"352x500-1\"\n                    alt=\"352x500-1\"\n                    src=\"https:\/\/spbuk.pl\/wp-content\/gallery\/na_bibliotecznej_polce_kwiecien_2025\/thumbs\/thumbs_352x500-1.jpg\"\n                    width=\"240\"\n                    height=\"160\"\n                    style=\"max-width:100%;\"\n                \/>\n            <\/a>\n        <\/div>\n\t\t\t\t\t\t\t<\/div> \n\t\t\t\n\t\t\t\t<div id=\"ngg-image-3\" class=\"ngg-gallery-thumbnail-box \" >\n\t\t\t\t        <div class=\"ngg-gallery-thumbnail\">\n            <a href=\"https:\/\/spbuk.pl\/wp-content\/gallery\/na_bibliotecznej_polce_kwiecien_2025\/marzenie-emmy-czy-warto-wierzyc-w-marzenia-b-iext95718638.jpg\"\n               title=\"\"\n               data-src=\"https:\/\/spbuk.pl\/wp-content\/gallery\/na_bibliotecznej_polce_kwiecien_2025\/marzenie-emmy-czy-warto-wierzyc-w-marzenia-b-iext95718638.jpg\"\n               data-thumbnail=\"https:\/\/spbuk.pl\/wp-content\/gallery\/na_bibliotecznej_polce_kwiecien_2025\/thumbs\/thumbs_marzenie-emmy-czy-warto-wierzyc-w-marzenia-b-iext95718638.jpg\"\n               data-image-id=\"9976\"\n               data-title=\"marzenie-emmy-czy-warto-wierzyc-w-marzenia-b-iext95718638\"\n               data-description=\"\"\n               data-image-slug=\"marzenie-emmy-czy-warto-wierzyc-w-marzenia-b-iext95718638\"\n               class=\"ngg-simplelightbox\" rel=\"c591f9f16f83dff2bab536256179576d\">\n                <img\n                    title=\"marzenie-emmy-czy-warto-wierzyc-w-marzenia-b-iext95718638\"\n                    alt=\"marzenie-emmy-czy-warto-wierzyc-w-marzenia-b-iext95718638\"\n                    src=\"https:\/\/spbuk.pl\/wp-content\/gallery\/na_bibliotecznej_polce_kwiecien_2025\/thumbs\/thumbs_marzenie-emmy-czy-warto-wierzyc-w-marzenia-b-iext95718638.jpg\"\n                    width=\"240\"\n                    height=\"160\"\n                    style=\"max-width:100%;\"\n                \/>\n            <\/a>\n        <\/div>\n\t\t\t\t\t\t\t<\/div> \n\t\t\t\n\t\t\t\t<div id=\"ngg-image-4\" class=\"ngg-gallery-thumbnail-box \" >\n\t\t\t\t        <div class=\"ngg-gallery-thumbnail\">\n            <a href=\"https:\/\/spbuk.pl\/wp-content\/gallery\/na_bibliotecznej_polce_kwiecien_2025\/421552-352x500.jpg\"\n               title=\"\"\n               data-src=\"https:\/\/spbuk.pl\/wp-content\/gallery\/na_bibliotecznej_polce_kwiecien_2025\/421552-352x500.jpg\"\n               data-thumbnail=\"https:\/\/spbuk.pl\/wp-content\/gallery\/na_bibliotecznej_polce_kwiecien_2025\/thumbs\/thumbs_421552-352x500.jpg\"\n               data-image-id=\"9977\"\n               data-title=\"421552-352x500\"\n               data-description=\"\"\n               data-image-slug=\"421552-352x500\"\n               class=\"ngg-simplelightbox\" rel=\"c591f9f16f83dff2bab536256179576d\">\n                <img\n                    title=\"421552-352x500\"\n                    alt=\"421552-352x500\"\n                    src=\"https:\/\/spbuk.pl\/wp-content\/gallery\/na_bibliotecznej_polce_kwiecien_2025\/thumbs\/thumbs_421552-352x500.jpg\"\n                    width=\"240\"\n                    height=\"160\"\n                    style=\"max-width:100%;\"\n                \/>\n            <\/a>\n        <\/div>\n\t\t\t\t\t\t\t<\/div> \n\t\t\t\n\t\t\t\t<div id=\"ngg-image-5\" class=\"ngg-gallery-thumbnail-box \" >\n\t\t\t\t        <div class=\"ngg-gallery-thumbnail\">\n            <a href=\"https:\/\/spbuk.pl\/wp-content\/gallery\/na_bibliotecznej_polce_kwiecien_2025\/854442-352x500.jpg\"\n               title=\"\"\n               data-src=\"https:\/\/spbuk.pl\/wp-content\/gallery\/na_bibliotecznej_polce_kwiecien_2025\/854442-352x500.jpg\"\n               data-thumbnail=\"https:\/\/spbuk.pl\/wp-content\/gallery\/na_bibliotecznej_polce_kwiecien_2025\/thumbs\/thumbs_854442-352x500.jpg\"\n               data-image-id=\"9978\"\n               data-title=\"854442-352x500\"\n               data-description=\"\"\n               data-image-slug=\"854442-352x500\"\n               class=\"ngg-simplelightbox\" rel=\"c591f9f16f83dff2bab536256179576d\">\n                <img\n                    title=\"854442-352x500\"\n                    alt=\"854442-352x500\"\n                    src=\"https:\/\/spbuk.pl\/wp-content\/gallery\/na_bibliotecznej_polce_kwiecien_2025\/thumbs\/thumbs_854442-352x500.jpg\"\n                    width=\"240\"\n                    height=\"160\"\n                    style=\"max-width:100%;\"\n                \/>\n            <\/a>\n        <\/div>\n\t\t\t\t\t\t\t<\/div> \n\t\t\t\n\t\t\t\t<div id=\"ngg-image-6\" class=\"ngg-gallery-thumbnail-box \" >\n\t\t\t\t        <div class=\"ngg-gallery-thumbnail\">\n            <a href=\"https:\/\/spbuk.pl\/wp-content\/gallery\/na_bibliotecznej_polce_kwiecien_2025\/Upowaznienie-do-szczescia-Katarzyna-Grochola.jpg\"\n               title=\"\"\n               data-src=\"https:\/\/spbuk.pl\/wp-content\/gallery\/na_bibliotecznej_polce_kwiecien_2025\/Upowaznienie-do-szczescia-Katarzyna-Grochola.jpg\"\n               data-thumbnail=\"https:\/\/spbuk.pl\/wp-content\/gallery\/na_bibliotecznej_polce_kwiecien_2025\/thumbs\/thumbs_Upowaznienie-do-szczescia-Katarzyna-Grochola.jpg\"\n               data-image-id=\"9979\"\n               data-title=\"Upowaznienie-do-szczescia-Katarzyna-Grochola\"\n               data-description=\"\"\n               data-image-slug=\"upowaznienie-do-szczescia-katarzyna-grochola\"\n               class=\"ngg-simplelightbox\" rel=\"c591f9f16f83dff2bab536256179576d\">\n                <img\n                    title=\"Upowaznienie-do-szczescia-Katarzyna-Grochola\"\n                    alt=\"Upowaznienie-do-szczescia-Katarzyna-Grochola\"\n                    src=\"https:\/\/spbuk.pl\/wp-content\/gallery\/na_bibliotecznej_polce_kwiecien_2025\/thumbs\/thumbs_Upowaznienie-do-szczescia-Katarzyna-Grochola.jpg\"\n                    width=\"240\"\n                    height=\"160\"\n                    style=\"max-width:100%;\"\n                \/>\n            <\/a>\n        <\/div>\n\t\t\t\t\t\t\t<\/div> \n\t\t\t\n\t\n\t<br style=\"clear: both\" \/>\n\n\t\n\t\t<!-- Pagination -->\n\t<div class='ngg-clear'><\/div>\t<\/div>\n\n","protected":false},"excerpt":{"rendered":"<p>Zezia, mi\u0142o\u015b\u0107 i bunt na statku. Agnieszka Chyli\u0144ska.Zezia jest nastolatk\u0105, kt\u00f3ra dorasta. Chodzi do szko\u0142y, spotyka si\u0119 z kole\u017cankami, ale jej \u017cycie wcale nie jest proste. Marzy o przystojnym ch\u0142opaku, chcia\u0142aby si\u0119 malowa\u0107, a do tego ma problemy z matematyk\u0105. Jakby tego by\u0142o ma\u0142o widzi, \u017ce rodzice maj\u0105 jakie\u015b k\u0142opoty. [&hellip;]<\/p>\n","protected":false},"author":3,"featured_media":32954,"comment_status":"open","ping_status":"open","sticky":false,"template":"","format":"standard","meta":{"ngg_post_thumbnail":0,"footnotes":""},"categories":[23,75],"tags":[],"class_list":["post-33508","post","type-post","status-publish","format-standard","has-post-thumbnail","hentry","category-aktualnosci","category-nowosci"],"_links":{"self":[{"href":"https:\/\/spbuk.pl\/index.php?rest_route=\/wp\/v2\/posts\/33508","targetHints":{"allow":["GET"]}}],"collection":[{"href":"https:\/\/spbuk.pl\/index.php?rest_route=\/wp\/v2\/posts"}],"about":[{"href":"https:\/\/spbuk.pl\/index.php?rest_route=\/wp\/v2\/types\/post"}],"author":[{"embeddable":true,"href":"https:\/\/spbuk.pl\/index.php?rest_route=\/wp\/v2\/users\/3"}],"replies":[{"embeddable":true,"href":"https:\/\/spbuk.pl\/index.php?rest_route=%2Fwp%2Fv2%2Fcomments&post=33508"}],"version-history":[{"count":1,"href":"https:\/\/spbuk.pl\/index.php?rest_route=\/wp\/v2\/posts\/33508\/revisions"}],"predecessor-version":[{"id":33517,"href":"https:\/\/spbuk.pl\/index.php?rest_route=\/wp\/v2\/posts\/33508\/revisions\/33517"}],"wp:featuredmedia":[{"embeddable":true,"href":"https:\/\/spbuk.pl\/index.php?rest_route=\/wp\/v2\/media\/32954"}],"wp:attachment":[{"href":"https:\/\/spbuk.pl\/index.php?rest_route=%2Fwp%2Fv2%2Fmedia&parent=33508"}],"wp:term":[{"taxonomy":"category","embeddable":true,"href":"https:\/\/spbuk.pl\/index.php?rest_route=%2Fwp%2Fv2%2Fcategories&post=33508"},{"taxonomy":"post_tag","embeddable":true,"href":"https:\/\/spbuk.pl\/index.php?rest_route=%2Fwp%2Fv2%2Ftags&post=33508"}],"curies":[{"name":"wp","href":"https:\/\/api.w.org\/{rel}","templated":true}]}}