{"id":33477,"date":"2025-03-28T00:31:59","date_gmt":"2025-03-27T23:31:59","guid":{"rendered":"https:\/\/spbuk.pl\/?p=33477"},"modified":"2025-03-28T00:31:59","modified_gmt":"2025-03-27T23:31:59","slug":"v-edycja-niebieskich-igrzysk-juz-wkrotce","status":"publish","type":"post","link":"https:\/\/spbuk.pl\/?p=33477","title":{"rendered":"V edycja Niebieskich Igrzysk ju\u017c wkr\u00f3tce"},"content":{"rendered":"<p><span data-contrast=\"none\">W Polsce i na \u015bwiecie kwiecie\u0144 ma kolor\u202f<\/span><b><span data-contrast=\"none\">niebieski<\/span><\/b><span data-contrast=\"none\">. Jest to\u202f<\/span><b><span data-contrast=\"none\">Miesi\u0105c Wiedzy na Temat Autyzmu,\u202f<\/span><\/b><span data-contrast=\"none\">a<\/span><b><span data-contrast=\"none\">\u202f<\/span><\/b><span data-contrast=\"none\">2 kwietnia obchodzony jest\u202f<\/span><b><span data-contrast=\"none\">\u015awiatowy Dzie\u0144 \u015awiadomo\u015bci Autyzmu<\/span><\/b><span data-contrast=\"none\">. Z tej okazji Instytut Wspomagania Rozwoju Dziecka zaprasza szko\u0142y podstawowe z ca\u0142ej Polski do przy\u0142\u0105czenia si\u0119 w kwietniu do najwi\u0119kszego w Polsce wydarzenia dotycz\u0105cego autyzmu. Tym wydarzeniem s\u0105 organizowane przez Fundacj\u0119 IWRD\u202f<\/span><b><span data-contrast=\"none\">Niebieskie Igrzyska 2025<\/span><\/b><span data-contrast=\"none\">\u202f-\u202f<\/span><a href=\"http:\/\/www.niebieskieigrzyska.pl\/\"><b><span data-contrast=\"none\">www.niebieskieigrzyska.pl<\/span><\/b><\/a><b><span data-contrast=\"none\">. <\/span><\/b><span data-contrast=\"none\">Jest to wydarzenie o charakterze\u202f<\/span><b><span data-contrast=\"none\">edukacyjnym<\/span><\/b><span data-contrast=\"none\">\u202fi\u202f<\/span><b><span data-contrast=\"none\">sportowo-integracyjnym<\/span><\/b><span data-contrast=\"none\">. Niebieskie Igrzyska maj\u0105 pokaza\u0107, \u017ce ka\u017cdy mo\u017ce by\u0107 sportowcem i ka\u017cdy ma szans\u0119 osi\u0105gn\u0105\u0107 sukces na miar\u0119 swoich mo\u017cliwo\u015bci.<\/span><span data-ccp-props=\"{&quot;201341983&quot;:0,&quot;335557856&quot;:16777215,&quot;335559739&quot;:0,&quot;335559740&quot;:240}\">&nbsp;<\/span><span data-contrast=\"none\">Patronat nad Niebieskimi Igrzyskami obj\u0119li:\u202f<\/span><b><span data-contrast=\"none\">Polski Komitet Olimpijski<\/span><\/b><span data-contrast=\"none\">,\u202f<\/span><b><span data-contrast=\"none\">Rzecznik Praw Dziecka<\/span><\/b><span data-contrast=\"none\">\u202fi\u202f<\/span><b><span data-contrast=\"none\">Prezydent Miasta Gda\u0144ska<\/span><\/b><span data-contrast=\"none\">. Sponsorami nagr\u00f3d s\u0105\u202f<\/span><span data-contrast=\"none\">m.in<\/span><span data-contrast=\"none\">. <\/span><b><span data-contrast=\"none\">\u015awiat Zdrowia, NEUCA, LEGO Polska, ClickMeeting\u202f<\/span><\/b><span data-contrast=\"none\">i<\/span><b><span data-contrast=\"none\">\u202fEagleMed<\/span><\/b><span data-contrast=\"none\">.<\/span><span data-ccp-props=\"{&quot;201341983&quot;:0,&quot;335557856&quot;:16777215,&quot;335559739&quot;:0,&quot;335559740&quot;:240}\">&nbsp;<\/span><\/p>\n<p>Przyst\u0119puj\u0105c do <strong>V edycji Niebieskich Igrzysk<\/strong>,&nbsp;<span data-contrast=\"auto\">od <strong>01.04 do 07.04.2025<\/strong> zorganizujemy nast\u0119puj\u0105ce dzia\u0142ania:<\/span><span data-ccp-props=\"{}\">&nbsp;<\/span><\/p>\n<p><span data-contrast=\"auto\"><strong>02.04<\/strong>, kiedy to przypada <strong>Dzie\u0144 \u015awiadomo\u015bci Autyzmu,<\/strong> uczniowie przyjd\u0105 w <strong>ubraniach w kolorze niebieskim<\/strong> i o godz. 10.00 na obu boiskach szkolnych od\u015bpiewamy <strong>hymn Niebieskich Igrzysk <\/strong><\/span><span data-contrast=\"none\">\u202f<\/span><a href=\"https:\/\/www.youtube.com\/watch?v=CtmuJV78Kt4\"><span data-contrast=\"none\">https:\/\/www.youtube.com\/watch?v=CtmuJV78Kt4<\/span><\/a><span data-contrast=\"auto\">, ch\u0119tne dzieci wykonaj\u0105 uk\u0142ady taneczne.<\/span><span data-ccp-props=\"{}\">&nbsp;<\/span><span data-contrast=\"auto\">Przez ca\u0142y tydzie\u0144 przeprowadzimy zaj\u0119cia na godzinach wychowawczych o tematyce autyzmu, wykorzystuj\u0105c przes\u0142ane materia\u0142y z Fundacji IWRD, <\/span><span data-ccp-props=\"{}\">&nbsp;<\/span><\/p>\n<p><span data-contrast=\"auto\"><strong>07.04<\/strong> zostan\u0105 zorganizowane <strong>zawody<\/strong> (wy\u015bcigi rz\u0119d\u00f3w) <strong>dla klas 1-3<\/strong>.<\/span><span data-ccp-props=\"{}\">&nbsp;<\/span><\/p>\n<p><b><span data-contrast=\"none\">Celem akcji jest zwi\u0119kszenie \u015bwiadomo\u015bci spo\u0142ecznej na temat autyzmu oraz zwr\u00f3cenie uwagi na potrzeb\u0119 wi\u0119kszej empatii i tolerancji dla odmiennych mo\u017cliwo\u015bci i potrzeb os\u00f3b ze spektrum autyzmu. Kampania przyczynia si\u0119 r\u00f3wnie\u017c do kszta\u0142towania w\u0142a\u015bciwych postaw prospo\u0142ecznych oraz przeciwdzia\u0142ania wykluczeniu spo\u0142ecznemu. (<\/span><\/b><a href=\"http:\/\/www.gov.pl\/\" class=\"broken_link\"><b><span data-contrast=\"none\">www.gov.pl<\/span><\/b><\/a><b><span data-contrast=\"none\">)<\/span><\/b><span data-ccp-props=\"{}\">&nbsp;<\/span><\/p>\n<p><img loading=\"lazy\" decoding=\"async\" class=\"aligncenter wp-image-33480 \" title=\"Nowy obraz\" src=\"https:\/\/spbuk.pl\/wp-content\/uploads\/2025\/03\/Nowy-obraz.png\" alt=\"Nowy obraz\" width=\"619\" height=\"375\" srcset=\"https:\/\/spbuk.pl\/wp-content\/uploads\/2025\/03\/Nowy-obraz.png 648w, https:\/\/spbuk.pl\/wp-content\/uploads\/2025\/03\/Nowy-obraz-300x182.png 300w, https:\/\/spbuk.pl\/wp-content\/uploads\/2025\/03\/Nowy-obraz-350x212.png 350w\" sizes=\"auto, (max-width: 619px) 100vw, 619px\" \/><\/p>\n","protected":false},"excerpt":{"rendered":"<p>W Polsce i na \u015bwiecie kwiecie\u0144 ma kolor\u202fniebieski. Jest to\u202fMiesi\u0105c Wiedzy na Temat Autyzmu,\u202fa\u202f2 kwietnia obchodzony jest\u202f\u015awiatowy Dzie\u0144 \u015awiadomo\u015bci Autyzmu. Z tej okazji Instytut Wspomagania Rozwoju Dziecka zaprasza szko\u0142y podstawowe z ca\u0142ej Polski do przy\u0142\u0105czenia si\u0119 w kwietniu do najwi\u0119kszego w Polsce wydarzenia dotycz\u0105cego autyzmu. Tym wydarzeniem s\u0105 organizowane przez [&hellip;]<\/p>\n","protected":false},"author":3,"featured_media":33479,"comment_status":"open","ping_status":"open","sticky":false,"template":"","format":"standard","meta":{"ngg_post_thumbnail":0,"footnotes":""},"categories":[23,109],"tags":[],"class_list":["post-33477","post","type-post","status-publish","format-standard","has-post-thumbnail","hentry","category-aktualnosci","category-inne"],"_links":{"self":[{"href":"https:\/\/spbuk.pl\/index.php?rest_route=\/wp\/v2\/posts\/33477","targetHints":{"allow":["GET"]}}],"collection":[{"href":"https:\/\/spbuk.pl\/index.php?rest_route=\/wp\/v2\/posts"}],"about":[{"href":"https:\/\/spbuk.pl\/index.php?rest_route=\/wp\/v2\/types\/post"}],"author":[{"embeddable":true,"href":"https:\/\/spbuk.pl\/index.php?rest_route=\/wp\/v2\/users\/3"}],"replies":[{"embeddable":true,"href":"https:\/\/spbuk.pl\/index.php?rest_route=%2Fwp%2Fv2%2Fcomments&post=33477"}],"version-history":[{"count":3,"href":"https:\/\/spbuk.pl\/index.php?rest_route=\/wp\/v2\/posts\/33477\/revisions"}],"predecessor-version":[{"id":33482,"href":"https:\/\/spbuk.pl\/index.php?rest_route=\/wp\/v2\/posts\/33477\/revisions\/33482"}],"wp:featuredmedia":[{"embeddable":true,"href":"https:\/\/spbuk.pl\/index.php?rest_route=\/wp\/v2\/media\/33479"}],"wp:attachment":[{"href":"https:\/\/spbuk.pl\/index.php?rest_route=%2Fwp%2Fv2%2Fmedia&parent=33477"}],"wp:term":[{"taxonomy":"category","embeddable":true,"href":"https:\/\/spbuk.pl\/index.php?rest_route=%2Fwp%2Fv2%2Fcategories&post=33477"},{"taxonomy":"post_tag","embeddable":true,"href":"https:\/\/spbuk.pl\/index.php?rest_route=%2Fwp%2Fv2%2Ftags&post=33477"}],"curies":[{"name":"wp","href":"https:\/\/api.w.org\/{rel}","templated":true}]}}