{"id":33444,"date":"2025-03-27T01:27:39","date_gmt":"2025-03-27T00:27:39","guid":{"rendered":"https:\/\/spbuk.pl\/?p=33444"},"modified":"2025-03-27T01:38:29","modified_gmt":"2025-03-27T00:38:29","slug":"ziarenko-nadziei-zasiane","status":"publish","type":"post","link":"https:\/\/spbuk.pl\/?p=33444","title":{"rendered":"Ziarenko nadziei zasiane\u2026"},"content":{"rendered":"<p>Poprzez udzia\u0142 w<strong> Rekolekcjach Szkolnych<\/strong>, odbywaj\u0105cych si\u0119 w dniach <strong>17.03-19.03. 2025r.<\/strong> uczniowie mieli okazj\u0119, aby pog\u0142\u0119bi\u0107 swoj\u0105 relacj\u0119 z Panem Bogiem i drugim cz\u0142owiekiem i lepiej zrozumie\u0107&nbsp; czas Wielkiego Postu. R\u00f3\u017cne formy zaj\u0119\u0107 i spotka\u0144 mia\u0142y na celu przybli\u017cenie nauczania Ko\u015bcio\u0142a na temat obecnego <strong>Roku Jubileuszowego2025 \u201e\u015awiadkowie Nadziei\u201d, <\/strong>pochyli\u0107 si\u0119 nad S\u0142owem Bo\u017cym kierowanym podczas Mszy \u015awi\u0119tej i nauk rekolekcyjnych, pozna\u0107 techniki pi\u0119knego&nbsp; \u015bpiewu, aby ta\u0144cem i \u015bpiewem wielbi\u0107 Boga. Uczniowie tak\u017ce wzi\u0119li udzia\u0142 w zmaganiach i potyczkach sportowych w my\u015bl has\u0142a <strong>\u201eW zdrowym ciele, zdrowy duch\u201d<\/strong>. &nbsp;\u015awiadectwa \u017cywej i autentycznie prze\u017cywanej &nbsp;wiary, kt\u00f3rym podzielili si\u0119&nbsp; zaproszeni prelegenci, z pewno\u015bci\u0105 pomog\u0142y zweryfikowa\u0107&nbsp; obecn\u0105 kondycj\u0119 duchow\u0105. Dzi\u0119kujemy dyrekcji, nauczycielom za umo\u017cliwienie i pomoc w przeprowadzeniu Rekolekcji, a uczniom za aktywny udzia\u0142 w proponowanych zaj\u0119ciach. <em>Katecheci<\/em><\/p>\n<!-- default-view.php -->\n<div\n\tclass=\"ngg-galleryoverview default-view \"\n\tid=\"ngg-gallery-0c5882d1c8244e3cb50b23348548e817-1\">\n\n\t\t<!-- Thumbnails -->\n\t\t\t\t<div id=\"ngg-image-0\" class=\"ngg-gallery-thumbnail-box \" >\n\t\t\t\t        <div class=\"ngg-gallery-thumbnail\">\n            <a href=\"https:\/\/spbuk.pl\/wp-content\/gallery\/rekolekcje_marzec_2025\/1.jpg\"\n               title=\"\"\n               data-src=\"https:\/\/spbuk.pl\/wp-content\/gallery\/rekolekcje_marzec_2025\/1.jpg\"\n               data-thumbnail=\"https:\/\/spbuk.pl\/wp-content\/gallery\/rekolekcje_marzec_2025\/thumbs\/thumbs_1.jpg\"\n               data-image-id=\"9952\"\n               data-title=\"Podnag\u0142\u00f3wek - 1\"\n               data-description=\"\"\n               data-image-slug=\"1-12\"\n               class=\"ngg-simplelightbox\" rel=\"0c5882d1c8244e3cb50b23348548e817\">\n                <img\n                    title=\"Podnag\u0142\u00f3wek - 1\"\n                    alt=\"Podnag\u0142\u00f3wek - 1\"\n                    src=\"https:\/\/spbuk.pl\/wp-content\/gallery\/rekolekcje_marzec_2025\/thumbs\/thumbs_1.jpg\"\n                    width=\"240\"\n                    height=\"160\"\n                    style=\"max-width:100%;\"\n                \/>\n            <\/a>\n        <\/div>\n\t\t\t\t\t\t\t<\/div> \n\t\t\t\n\t\t\t\t<div id=\"ngg-image-1\" class=\"ngg-gallery-thumbnail-box \" >\n\t\t\t\t        <div class=\"ngg-gallery-thumbnail\">\n            <a href=\"https:\/\/spbuk.pl\/wp-content\/gallery\/rekolekcje_marzec_2025\/2.jpg\"\n               title=\"\"\n               data-src=\"https:\/\/spbuk.pl\/wp-content\/gallery\/rekolekcje_marzec_2025\/2.jpg\"\n               data-thumbnail=\"https:\/\/spbuk.pl\/wp-content\/gallery\/rekolekcje_marzec_2025\/thumbs\/thumbs_2.jpg\"\n               data-image-id=\"9953\"\n               data-title=\"Podnag\u0142\u00f3wek - 2\"\n               data-description=\"\"\n               data-image-slug=\"2-12\"\n               class=\"ngg-simplelightbox\" rel=\"0c5882d1c8244e3cb50b23348548e817\">\n                <img\n                    title=\"Podnag\u0142\u00f3wek - 2\"\n                    alt=\"Podnag\u0142\u00f3wek - 2\"\n                    src=\"https:\/\/spbuk.pl\/wp-content\/gallery\/rekolekcje_marzec_2025\/thumbs\/thumbs_2.jpg\"\n                    width=\"240\"\n                    height=\"160\"\n                    style=\"max-width:100%;\"\n                \/>\n            <\/a>\n        <\/div>\n\t\t\t\t\t\t\t<\/div> \n\t\t\t\n\t\n\t<br style=\"clear: both\" \/>\n\n\t\n\t\t<!-- Pagination -->\n\t<div class='ngg-clear'><\/div>\t<\/div>\n\n","protected":false},"excerpt":{"rendered":"<p>Poprzez udzia\u0142 w Rekolekcjach Szkolnych, odbywaj\u0105cych si\u0119 w dniach 17.03-19.03. 2025r. uczniowie mieli okazj\u0119, aby pog\u0142\u0119bi\u0107 swoj\u0105 relacj\u0119 z Panem Bogiem i drugim cz\u0142owiekiem i lepiej zrozumie\u0107&nbsp; czas Wielkiego Postu. R\u00f3\u017cne formy zaj\u0119\u0107 i spotka\u0144 mia\u0142y na celu przybli\u017cenie nauczania Ko\u015bcio\u0142a na temat obecnego Roku Jubileuszowego2025 \u201e\u015awiadkowie Nadziei\u201d, pochyli\u0107 si\u0119 [&hellip;]<\/p>\n","protected":false},"author":3,"featured_media":16592,"comment_status":"open","ping_status":"open","sticky":false,"template":"","format":"standard","meta":{"ngg_post_thumbnail":0,"footnotes":""},"categories":[23,109],"tags":[],"class_list":["post-33444","post","type-post","status-publish","format-standard","has-post-thumbnail","hentry","category-aktualnosci","category-inne"],"_links":{"self":[{"href":"https:\/\/spbuk.pl\/index.php?rest_route=\/wp\/v2\/posts\/33444","targetHints":{"allow":["GET"]}}],"collection":[{"href":"https:\/\/spbuk.pl\/index.php?rest_route=\/wp\/v2\/posts"}],"about":[{"href":"https:\/\/spbuk.pl\/index.php?rest_route=\/wp\/v2\/types\/post"}],"author":[{"embeddable":true,"href":"https:\/\/spbuk.pl\/index.php?rest_route=\/wp\/v2\/users\/3"}],"replies":[{"embeddable":true,"href":"https:\/\/spbuk.pl\/index.php?rest_route=%2Fwp%2Fv2%2Fcomments&post=33444"}],"version-history":[{"count":1,"href":"https:\/\/spbuk.pl\/index.php?rest_route=\/wp\/v2\/posts\/33444\/revisions"}],"predecessor-version":[{"id":33448,"href":"https:\/\/spbuk.pl\/index.php?rest_route=\/wp\/v2\/posts\/33444\/revisions\/33448"}],"wp:featuredmedia":[{"embeddable":true,"href":"https:\/\/spbuk.pl\/index.php?rest_route=\/wp\/v2\/media\/16592"}],"wp:attachment":[{"href":"https:\/\/spbuk.pl\/index.php?rest_route=%2Fwp%2Fv2%2Fmedia&parent=33444"}],"wp:term":[{"taxonomy":"category","embeddable":true,"href":"https:\/\/spbuk.pl\/index.php?rest_route=%2Fwp%2Fv2%2Fcategories&post=33444"},{"taxonomy":"post_tag","embeddable":true,"href":"https:\/\/spbuk.pl\/index.php?rest_route=%2Fwp%2Fv2%2Ftags&post=33444"}],"curies":[{"name":"wp","href":"https:\/\/api.w.org\/{rel}","templated":true}]}}