{"id":32970,"date":"2025-03-04T19:47:28","date_gmt":"2025-03-04T18:47:28","guid":{"rendered":"https:\/\/spbuk.pl\/?p=32970"},"modified":"2025-03-04T19:49:54","modified_gmt":"2025-03-04T18:49:54","slug":"moi-bliscy-tez-byli-uczniami-tej-szkoly-czyli-czar-wspomnien","status":"publish","type":"post","link":"https:\/\/spbuk.pl\/?p=32970","title":{"rendered":"\u201eMoi bliscy te\u017c byli uczniami tej szko\u0142y\u2026\u201d, czyli czar wspomnie\u0144"},"content":{"rendered":"<p>Zach\u0119camy <strong>wszystkich uczni\u00f3w, ich rodzic\u00f3w, rodze\u0144stwo, dziadk\u00f3w, bli\u017cszych i dalszych krewnych, <\/strong>kt\u00f3rzy kiedy\u015b<strong> byli uczniami Szko\u0142y Podstawowej im. Bohater\u00f3w Bukowskich w Buku,<\/strong> do wsp\u00f3lnego wykonania pracy plastycznej <strong>\u201eMoi bliscy te\u017c byli uczniami tej szko\u0142y\u2026\u201d<\/strong>. Jest to doskona\u0142a okazja, aby wr\u00f3ci\u0107 wspomnieniami do czas\u00f3w szkolnych, a realizacja tego zadania mo\u017ce by\u0107 \u015bwietn\u0105 zabaw\u0105 dla wszystkich.<\/p>\n<p>Prac\u0119 mo\u017cna wykona\u0107 <strong>dowoln\u0105 technik\u0105<\/strong> i w <strong>dowolnym formacie<\/strong> w terminie <strong>do 15 kwietnia 2025<\/strong> <strong>roku \ud83d\ude42<\/strong><\/p>\n","protected":false},"excerpt":{"rendered":"<p>Zach\u0119camy wszystkich uczni\u00f3w, ich rodzic\u00f3w, rodze\u0144stwo, dziadk\u00f3w, bli\u017cszych i dalszych krewnych, kt\u00f3rzy kiedy\u015b byli uczniami Szko\u0142y Podstawowej im. Bohater\u00f3w Bukowskich w Buku, do wsp\u00f3lnego wykonania pracy plastycznej \u201eMoi bliscy te\u017c byli uczniami tej szko\u0142y\u2026\u201d. Jest to doskona\u0142a okazja, aby wr\u00f3ci\u0107 wspomnieniami do czas\u00f3w szkolnych, a realizacja tego zadania mo\u017ce by\u0107 [&hellip;]<\/p>\n","protected":false},"author":3,"featured_media":29730,"comment_status":"open","ping_status":"open","sticky":false,"template":"","format":"standard","meta":{"ngg_post_thumbnail":0,"footnotes":""},"categories":[23,121],"tags":[],"class_list":["post-32970","post","type-post","status-publish","format-standard","has-post-thumbnail","hentry","category-aktualnosci","category-jubileusz-90-lecia-sp"],"_links":{"self":[{"href":"https:\/\/spbuk.pl\/index.php?rest_route=\/wp\/v2\/posts\/32970","targetHints":{"allow":["GET"]}}],"collection":[{"href":"https:\/\/spbuk.pl\/index.php?rest_route=\/wp\/v2\/posts"}],"about":[{"href":"https:\/\/spbuk.pl\/index.php?rest_route=\/wp\/v2\/types\/post"}],"author":[{"embeddable":true,"href":"https:\/\/spbuk.pl\/index.php?rest_route=\/wp\/v2\/users\/3"}],"replies":[{"embeddable":true,"href":"https:\/\/spbuk.pl\/index.php?rest_route=%2Fwp%2Fv2%2Fcomments&post=32970"}],"version-history":[{"count":3,"href":"https:\/\/spbuk.pl\/index.php?rest_route=\/wp\/v2\/posts\/32970\/revisions"}],"predecessor-version":[{"id":32973,"href":"https:\/\/spbuk.pl\/index.php?rest_route=\/wp\/v2\/posts\/32970\/revisions\/32973"}],"wp:featuredmedia":[{"embeddable":true,"href":"https:\/\/spbuk.pl\/index.php?rest_route=\/wp\/v2\/media\/29730"}],"wp:attachment":[{"href":"https:\/\/spbuk.pl\/index.php?rest_route=%2Fwp%2Fv2%2Fmedia&parent=32970"}],"wp:term":[{"taxonomy":"category","embeddable":true,"href":"https:\/\/spbuk.pl\/index.php?rest_route=%2Fwp%2Fv2%2Fcategories&post=32970"},{"taxonomy":"post_tag","embeddable":true,"href":"https:\/\/spbuk.pl\/index.php?rest_route=%2Fwp%2Fv2%2Ftags&post=32970"}],"curies":[{"name":"wp","href":"https:\/\/api.w.org\/{rel}","templated":true}]}}