{"id":32881,"date":"2025-03-02T18:45:45","date_gmt":"2025-03-02T17:45:45","guid":{"rendered":"https:\/\/spbuk.pl\/?p=32881"},"modified":"2025-03-19T09:49:56","modified_gmt":"2025-03-19T08:49:56","slug":"osmoklasisci-juz-niedlugo-kolejne-targi-edukacyjn","status":"publish","type":"post","link":"https:\/\/spbuk.pl\/?p=32881","title":{"rendered":"\u00d3smoklasi\u015bci, ju\u017c nied\u0142ugo kolejne Targi Edukacyjne"},"content":{"rendered":"<div class=\"swm-post-title-section\">\n<div class=\"swm-post-title-content\">\n<div class=\"swm-post-title\">\n<p><span style=\"font-size: 16px;\">Zapraszamy do udzia\u0142u w XXIX edycji <\/span><strong style=\"font-size: 16px;\">Targ\u00f3w Edukacyjnych<\/strong><span style=\"font-size: 16px;\"> \u201eEdukacja bez granic\u201d na terenie <\/span><strong style=\"font-size: 16px;\">Mi\u0119dzynarodowych Targ\u00f3w Pozna\u0144skich<\/strong><span style=\"font-size: 16px;\"> w dniach <strong>7-9<\/strong><\/span><strong style=\"font-size: 16px;\"> marca 2025 roku<\/strong><span style=\"font-size: 16px;\">. W programie m.in. spotkania z zawodami, konsultacje z doradcami zawodowymi, prezentacja plac\u00f3wek o\u015bwiatowych.<\/span><\/p>\n<\/div>\n<\/div>\n<\/div>\n<div class=\"swm-post-list-content-section swm-post-list-single-content-section\">\n<div class=\"swm-post-single-content\">\n<div class=\"entry-content\">\n<p>Szczeg\u00f3\u0142owy program targ\u00f3w znajduje si\u0119 na stronie <a href=\"https:\/\/edukacja.mtp.pl\/pl\/\">edukacja.mtp.pl&nbsp;<\/a><\/p>\n<p><img loading=\"lazy\" decoding=\"async\" class=\"aligncenter wp-image-32885 \" title=\"targi edukacyjne 1\" src=\"https:\/\/spbuk.pl\/wp-content\/uploads\/2025\/03\/targi_edukacyjne_1-1024x576.png\" alt=\"targi edukacyjne 1\" width=\"542\" height=\"305\" srcset=\"https:\/\/spbuk.pl\/wp-content\/uploads\/2025\/03\/targi_edukacyjne_1-1024x576.png 1024w, https:\/\/spbuk.pl\/wp-content\/uploads\/2025\/03\/targi_edukacyjne_1-300x169.png 300w, https:\/\/spbuk.pl\/wp-content\/uploads\/2025\/03\/targi_edukacyjne_1-768x432.png 768w, https:\/\/spbuk.pl\/wp-content\/uploads\/2025\/03\/targi_edukacyjne_1-1536x864.png 1536w, https:\/\/spbuk.pl\/wp-content\/uploads\/2025\/03\/targi_edukacyjne_1-350x197.png 350w, https:\/\/spbuk.pl\/wp-content\/uploads\/2025\/03\/targi_edukacyjne_1.png 1920w\" sizes=\"auto, (max-width: 542px) 100vw, 542px\" \/><\/p>\n<\/div>\n<\/div>\n<\/div>\n","protected":false},"excerpt":{"rendered":"<p>Zapraszamy do udzia\u0142u w XXIX edycji Targ\u00f3w Edukacyjnych \u201eEdukacja bez granic\u201d na terenie Mi\u0119dzynarodowych Targ\u00f3w Pozna\u0144skich w dniach 7-9 marca 2025 roku. W programie m.in. spotkania z zawodami, konsultacje z doradcami zawodowymi, prezentacja plac\u00f3wek o\u015bwiatowych. Szczeg\u00f3\u0142owy program targ\u00f3w znajduje si\u0119 na stronie edukacja.mtp.pl&nbsp;<\/p>\n","protected":false},"author":3,"featured_media":16311,"comment_status":"open","ping_status":"open","sticky":false,"template":"","format":"standard","meta":{"ngg_post_thumbnail":0,"footnotes":""},"categories":[55,23],"tags":[],"class_list":["post-32881","post","type-post","status-publish","format-standard","has-post-thumbnail","hentry","category-8-klasa-i-co-dalej","category-aktualnosci"],"_links":{"self":[{"href":"https:\/\/spbuk.pl\/index.php?rest_route=\/wp\/v2\/posts\/32881","targetHints":{"allow":["GET"]}}],"collection":[{"href":"https:\/\/spbuk.pl\/index.php?rest_route=\/wp\/v2\/posts"}],"about":[{"href":"https:\/\/spbuk.pl\/index.php?rest_route=\/wp\/v2\/types\/post"}],"author":[{"embeddable":true,"href":"https:\/\/spbuk.pl\/index.php?rest_route=\/wp\/v2\/users\/3"}],"replies":[{"embeddable":true,"href":"https:\/\/spbuk.pl\/index.php?rest_route=%2Fwp%2Fv2%2Fcomments&post=32881"}],"version-history":[{"count":4,"href":"https:\/\/spbuk.pl\/index.php?rest_route=\/wp\/v2\/posts\/32881\/revisions"}],"predecessor-version":[{"id":33249,"href":"https:\/\/spbuk.pl\/index.php?rest_route=\/wp\/v2\/posts\/32881\/revisions\/33249"}],"wp:featuredmedia":[{"embeddable":true,"href":"https:\/\/spbuk.pl\/index.php?rest_route=\/wp\/v2\/media\/16311"}],"wp:attachment":[{"href":"https:\/\/spbuk.pl\/index.php?rest_route=%2Fwp%2Fv2%2Fmedia&parent=32881"}],"wp:term":[{"taxonomy":"category","embeddable":true,"href":"https:\/\/spbuk.pl\/index.php?rest_route=%2Fwp%2Fv2%2Fcategories&post=32881"},{"taxonomy":"post_tag","embeddable":true,"href":"https:\/\/spbuk.pl\/index.php?rest_route=%2Fwp%2Fv2%2Ftags&post=32881"}],"curies":[{"name":"wp","href":"https:\/\/api.w.org\/{rel}","templated":true}]}}