{"id":32722,"date":"2025-02-28T20:55:14","date_gmt":"2025-02-28T19:55:14","guid":{"rendered":"https:\/\/spbuk.pl\/?p=32722"},"modified":"2026-02-11T20:55:13","modified_gmt":"2026-02-11T19:55:13","slug":"rekrutacja-do-oddzialu-dwujezycznego-4","status":"publish","type":"post","link":"https:\/\/spbuk.pl\/?p=32722","title":{"rendered":"Rekrutacja do oddzia\u0142u dwuj\u0119zycznego"},"content":{"rendered":"<p dir=\"ltr\">Oddzia\u0142 dwuj\u0119zyczny to oddzia\u0142, w kt\u00f3rym nauczanie jest prowadzone w dw\u00f3ch j\u0119zykach: polskim oraz obcym nowo\u017cytnym b\u0119d\u0105cym drugim j\u0119zykiem nauczania. Prowadzone w dw\u00f3ch j\u0119zykach s\u0105 co najmniej dwa zaj\u0119cia edukacyjne, z wyj\u0105tkiem zaj\u0119\u0107 obejmuj\u0105cych j\u0119zyk polski, cz\u0119\u015b\u0107 historii dotycz\u0105cej Polski i cz\u0119\u015b\u0107 geografii dotycz\u0105cej geografii Polski, w tym co najmniej jedne zaj\u0119cia edukacyjne wybrane spo\u015br\u00f3d zaj\u0119\u0107 obejmuj\u0105cych: biologi\u0119, chemi\u0119, fizyk\u0119, cz\u0119\u015b\u0107 geografii og\u00f3lnej, cz\u0119\u015b\u0107 historii powszechnej lub matematyk\u0119.<\/p>\n<p dir=\"ltr\">Warunkiem przyj\u0119cia do oddziale dwuj\u0119zycznego jest: otrzymanie promocji do klasy VII oraz uzyskanie pozytywnego wyniku sprawdzianu predyspozycji j\u0119zykowych przeprowadzanego na warunkach ustalonych przez rad\u0119 pedagogiczn\u0105 szko\u0142y.<\/p>\n<p dir=\"ltr\">W przypadka wi\u0119kszej liczby kandydat\u00f3w spe\u0142niaj\u0105cych powy\u017csze warunki pod uwag\u0119 brane s\u0105 \u0142\u0105cznie nast\u0119puj\u0105ce kryteria:<\/p>\n<ol>\n<li dir=\"ltr\">wynik sprawdzianu predyspozycji j\u0119zykowych,<\/li>\n<li dir=\"ltr\">\u015bwiadectwo promocyjne do klasy VII szko\u0142y podstawowej z wyr\u00f3\u017cnieniem.<\/li>\n<\/ol>\n<p dir=\"ltr\">W przypadku r\u00f3wnorz\u0119dnych wynik\u00f3w lub, je\u017celi oddzia\u0142 dwuj\u0119zyczny nadal dysponuje wolnymi miejscami, pod uwag\u0119 brane s\u0105 nast\u0119puj\u0105ce kryteria:<\/p>\n<ol>\n<li dir=\"ltr\">wielodzietno\u015b\u0107 rodziny kandydata,<\/li>\n<li dir=\"ltr\">niepe\u0142nosprawno\u015b\u0107 kandydata,<\/li>\n<li dir=\"ltr\">niepe\u0142nosprawno\u015b\u0107 jednego z rodzic\u00f3w,<\/li>\n<li dir=\"ltr\">niepe\u0142nosprawno\u015b\u0107 obojga rodzic\u00f3w,<\/li>\n<li dir=\"ltr\">niepe\u0142nosprawno\u015b\u0107 rodze\u0144stwa kandydata,<\/li>\n<li dir=\"ltr\">samotne wychowywanie kandydata w rodzinie,<\/li>\n<li dir=\"ltr\">obj\u0119cie kandydata piecz\u0105 zast\u0119pcz\u0105.<\/li>\n<\/ol>\n<p><strong>REKRUTACJA do klasy VII oddzia\u0142u dwuj\u0119zycznego<\/strong><\/p>\n<blockquote><p><a href=\"https:\/\/spbuk.pl\/wp-content\/uploads\/2025\/02\/Zarzadzenie-Burmistrza-MiG-Buk.pdf\">Zarz\u0105dzenie nr 6\/2025 Burmistrza Miasta i Gminy Buk<\/a><\/p>\n<p><a href=\"https:\/\/spbuk.pl\/wp-content\/uploads\/2025\/02\/Regulamin-rekrutacji-do-klasy-7-dwujezycznej.pdf\">Regulamin rekrutacji do klasy 7 dwuj\u0119zycznej<\/a><\/p>\n<p><a href=\"https:\/\/spbuk.pl\/wp-content\/uploads\/2025\/02\/Wniosek-do-oddzialu-dwujezycznego-SP-BUK.pdf\">Wniosek do oddzia\u0142u dwuj\u0119zycznego <\/a><\/p>\n<p><a href=\"https:\/\/spbuk.pl\/wp-content\/uploads\/2025\/02\/OSWIADCZENIE.docx\">O\u015bwiadczenie o ucz\u0119szczaniu do oddzia\u0142u dwuj\u0119zycznego<\/a><\/p>\n<p><a href=\"https:\/\/spbuk.pl\/wp-content\/uploads\/2025\/02\/Oswiadczenie-o-wielodzietnosci-rodziny.pdf\">O\u015bwiadczenie o wielodzietno\u015bci rodziny<\/a><\/p>\n<p><a href=\"https:\/\/spbuk.pl\/wp-content\/uploads\/2025\/02\/Oswiadczenie-o-samotnym-wychowywaniu-kandydata.pdf\">O\u015bwiadczenie o samotnym wychowywaniu kandydata<\/a><\/p>\n<p><a href=\"https:\/\/spbuk.pl\/wp-content\/uploads\/2025\/02\/Terminy-postepowania.docx\">Terminy post\u0119powania rekrutacyjnego<\/a><\/p><\/blockquote>\n","protected":false},"excerpt":{"rendered":"<p>Oddzia\u0142 dwuj\u0119zyczny to oddzia\u0142, w kt\u00f3rym nauczanie jest prowadzone w dw\u00f3ch j\u0119zykach: polskim oraz obcym nowo\u017cytnym b\u0119d\u0105cym drugim j\u0119zykiem nauczania. Prowadzone w dw\u00f3ch j\u0119zykach s\u0105 co najmniej dwa zaj\u0119cia edukacyjne, z wyj\u0105tkiem zaj\u0119\u0107 obejmuj\u0105cych j\u0119zyk polski, cz\u0119\u015b\u0107 historii dotycz\u0105cej Polski i cz\u0119\u015b\u0107 geografii dotycz\u0105cej geografii Polski, w tym co najmniej [&hellip;]<\/p>\n","protected":false},"author":3,"featured_media":26914,"comment_status":"open","ping_status":"open","sticky":false,"template":"","format":"standard","meta":{"ngg_post_thumbnail":0,"footnotes":""},"categories":[23,118,122],"tags":[],"class_list":["post-32722","post","type-post","status-publish","format-standard","has-post-thumbnail","hentry","category-aktualnosci","category-oddzial-dwujezyczny","category-oddzial-dwujezyczny-dla-rodzicow"],"_links":{"self":[{"href":"https:\/\/spbuk.pl\/index.php?rest_route=\/wp\/v2\/posts\/32722","targetHints":{"allow":["GET"]}}],"collection":[{"href":"https:\/\/spbuk.pl\/index.php?rest_route=\/wp\/v2\/posts"}],"about":[{"href":"https:\/\/spbuk.pl\/index.php?rest_route=\/wp\/v2\/types\/post"}],"author":[{"embeddable":true,"href":"https:\/\/spbuk.pl\/index.php?rest_route=\/wp\/v2\/users\/3"}],"replies":[{"embeddable":true,"href":"https:\/\/spbuk.pl\/index.php?rest_route=%2Fwp%2Fv2%2Fcomments&post=32722"}],"version-history":[{"count":1,"href":"https:\/\/spbuk.pl\/index.php?rest_route=\/wp\/v2\/posts\/32722\/revisions"}],"predecessor-version":[{"id":32740,"href":"https:\/\/spbuk.pl\/index.php?rest_route=\/wp\/v2\/posts\/32722\/revisions\/32740"}],"wp:featuredmedia":[{"embeddable":true,"href":"https:\/\/spbuk.pl\/index.php?rest_route=\/wp\/v2\/media\/26914"}],"wp:attachment":[{"href":"https:\/\/spbuk.pl\/index.php?rest_route=%2Fwp%2Fv2%2Fmedia&parent=32722"}],"wp:term":[{"taxonomy":"category","embeddable":true,"href":"https:\/\/spbuk.pl\/index.php?rest_route=%2Fwp%2Fv2%2Fcategories&post=32722"},{"taxonomy":"post_tag","embeddable":true,"href":"https:\/\/spbuk.pl\/index.php?rest_route=%2Fwp%2Fv2%2Ftags&post=32722"}],"curies":[{"name":"wp","href":"https:\/\/api.w.org\/{rel}","templated":true}]}}