{"id":31996,"date":"2025-03-04T18:02:42","date_gmt":"2025-03-04T17:02:42","guid":{"rendered":"https:\/\/spbuk.pl\/?p=31996"},"modified":"2025-03-04T19:04:34","modified_gmt":"2025-03-04T18:04:34","slug":"konkurs-plastyczny-na-projekt-tarczy-szkolnej","status":"publish","type":"post","link":"https:\/\/spbuk.pl\/?p=31996","title":{"rendered":"Konkurs plastyczny na projekt tarczy szkolnej"},"content":{"rendered":"<p>W ramach obchod\u00f3w<strong> Jubileuszu 90-lecia<\/strong> naszej szko\u0142y zach\u0119camy uczni\u00f3w <strong>klas 1-3<\/strong> do udzia\u0142u w <strong>szkolnym konkursie plastycznym<\/strong> na projekt tarczy szkolnej. Zadaniem uczestnika konkursu jest wykonanie pracy plastycznej przedstawiaj\u0105cej <strong>projekt tarczy Szko\u0142y Podstawowej im. Bohater\u00f3w Bukowskich w Buku<\/strong> &#8211; dowoln\u0105 technik\u0105 i w dowolnym formacie. Prac\u0119 nale\u017cy dostarczy\u0107 do wychowawcy klasy <strong>do 15 marca 2025 roku<\/strong>. Komisja konkursowa wy\u0142oni zwyci\u0119zc\u00f3w w poszczeg\u00f3lnych grupach wiekowych, kt\u00f3rzy otrzymaj\u0105 nagrody rzeczowe.<\/p>\n<p>Zach\u0119camy do udzia\u0142u w konkursie!<\/p>\n<p><a href=\"https:\/\/spbuk.pl\/wp-content\/uploads\/2025\/01\/regulamin-konkursu-na-projekt-tarczy-szkolnej.pdf\" target=\"_blank\" rel=\"noopener\">regulamin konkursu na projekt tarczy szkolnej<\/a><\/p>\n","protected":false},"excerpt":{"rendered":"<p>W ramach obchod\u00f3w Jubileuszu 90-lecia naszej szko\u0142y zach\u0119camy uczni\u00f3w klas 1-3 do udzia\u0142u w szkolnym konkursie plastycznym na projekt tarczy szkolnej. Zadaniem uczestnika konkursu jest wykonanie pracy plastycznej przedstawiaj\u0105cej projekt tarczy Szko\u0142y Podstawowej im. Bohater\u00f3w Bukowskich w Buku &#8211; dowoln\u0105 technik\u0105 i w dowolnym formacie. Prac\u0119 nale\u017cy dostarczy\u0107 do wychowawcy [&hellip;]<\/p>\n","protected":false},"author":3,"featured_media":29730,"comment_status":"open","ping_status":"open","sticky":false,"template":"","format":"standard","meta":{"ngg_post_thumbnail":0,"footnotes":""},"categories":[23,121],"tags":[],"class_list":["post-31996","post","type-post","status-publish","format-standard","has-post-thumbnail","hentry","category-aktualnosci","category-jubileusz-90-lecia-sp"],"_links":{"self":[{"href":"https:\/\/spbuk.pl\/index.php?rest_route=\/wp\/v2\/posts\/31996","targetHints":{"allow":["GET"]}}],"collection":[{"href":"https:\/\/spbuk.pl\/index.php?rest_route=\/wp\/v2\/posts"}],"about":[{"href":"https:\/\/spbuk.pl\/index.php?rest_route=\/wp\/v2\/types\/post"}],"author":[{"embeddable":true,"href":"https:\/\/spbuk.pl\/index.php?rest_route=\/wp\/v2\/users\/3"}],"replies":[{"embeddable":true,"href":"https:\/\/spbuk.pl\/index.php?rest_route=%2Fwp%2Fv2%2Fcomments&post=31996"}],"version-history":[{"count":1,"href":"https:\/\/spbuk.pl\/index.php?rest_route=\/wp\/v2\/posts\/31996\/revisions"}],"predecessor-version":[{"id":31999,"href":"https:\/\/spbuk.pl\/index.php?rest_route=\/wp\/v2\/posts\/31996\/revisions\/31999"}],"wp:featuredmedia":[{"embeddable":true,"href":"https:\/\/spbuk.pl\/index.php?rest_route=\/wp\/v2\/media\/29730"}],"wp:attachment":[{"href":"https:\/\/spbuk.pl\/index.php?rest_route=%2Fwp%2Fv2%2Fmedia&parent=31996"}],"wp:term":[{"taxonomy":"category","embeddable":true,"href":"https:\/\/spbuk.pl\/index.php?rest_route=%2Fwp%2Fv2%2Fcategories&post=31996"},{"taxonomy":"post_tag","embeddable":true,"href":"https:\/\/spbuk.pl\/index.php?rest_route=%2Fwp%2Fv2%2Ftags&post=31996"}],"curies":[{"name":"wp","href":"https:\/\/api.w.org\/{rel}","templated":true}]}}