{"id":31968,"date":"2024-12-20T20:10:34","date_gmt":"2024-12-20T19:10:34","guid":{"rendered":"https:\/\/spbuk.pl\/?p=31968"},"modified":"2024-12-23T14:59:14","modified_gmt":"2024-12-23T13:59:14","slug":"refleksyjnie-o-swietach","status":"publish","type":"post","link":"https:\/\/spbuk.pl\/?p=31968","title":{"rendered":"Refleksyjnie o \u015bwi\u0119tach"},"content":{"rendered":"<p>W ramach szkolnego projektu <strong>\u201eEuropa da si\u0119 lubi\u0107\u201d <\/strong><strong>uczniowie klas 2c i 2e<\/strong> wraz&nbsp; z uczennicami <strong>Szkolnego Ko\u0142a Caritas<\/strong> przygotowali przedstawienie \u201e<strong>Jase\u0142ka wsp\u00f3\u0142cze\u015bnie i nie tylko\u201d. <\/strong>Uczniowie swoje zaanga\u017cowanie i zdolno\u015bci aktorskie zaprezentowali najpierw swoim rodzicom, kt\u00f3rzy nie kryli swojego wzruszenia i uznania dla ma\u0142ych artyst\u00f3w. Kolejne wyst\u0119py oraz wprowadzenie w nastr\u00f3j \u015bwi\u0105teczny zadedykowali gronu pedagogicznemu, emerytowanym&nbsp; nauczycielom i pracownikom&nbsp; oraz wszystkim pracownikom szko\u0142y. 20 grudnia w dniu klasowych spotka\u0144 \u015bwi\u0105tecznych na wyst\u0119p do kina przybyli uczniowie klas 1-3 wraz ze swoimi wychowawcami. Przedstawione Jase\u0142ka by\u0142y okazj\u0105 do refleksji nad znaczeniem \u015bwi\u0105t w dzisiejszych czasach, zaproszeniem do wra\u017cliwo\u015bci na potrzeby otaczaj\u0105cych nas ludzi, refleksji nad fundamentalnymi warto\u015bciami takimi jak mi\u0142o\u015b\u0107, \u017cyczliwo\u015b\u0107 i szacunek. &nbsp;By\u0142 to czas pe\u0142en rado\u015bci i wzrusze\u0144, kt\u00f3ry sprawi\u0142, \u017ce wszystkim udzieli\u0142 si\u0119&nbsp; duch Bo\u017cego Narodzenia. S\u0142owo dzi\u0119kuj\u0119 kierujemy te\u017c w stron\u0119 Rodzic\u00f3w.&nbsp; Wsparcie i pomoc w przygotowaniu kostium\u00f3w, dekoracji oraz organizacji dodatkowych element\u00f3w przedstawienia by\u0142y nieocenione. Dzi\u0119kujemy za zaanga\u017cowanie i gotowo\u015b\u0107 do wsp\u00f3\u0142pracy.<\/p>\n<!-- default-view.php -->\n<div\n\tclass=\"ngg-galleryoverview default-view \"\n\tid=\"ngg-gallery-df5bb18fdd610d10bded7b0e7b0cee01-1\">\n\n\t\t<!-- Thumbnails -->\n\t\t\t\t<div id=\"ngg-image-0\" class=\"ngg-gallery-thumbnail-box \" >\n\t\t\t\t        <div class=\"ngg-gallery-thumbnail\">\n            <a href=\"https:\/\/spbuk.pl\/wp-content\/gallery\/szkolne_jaselka_grudzien_2024\/IMG-20241220-WA0019.jpg\"\n               title=\"\"\n               data-src=\"https:\/\/spbuk.pl\/wp-content\/gallery\/szkolne_jaselka_grudzien_2024\/IMG-20241220-WA0019.jpg\"\n               data-thumbnail=\"https:\/\/spbuk.pl\/wp-content\/gallery\/szkolne_jaselka_grudzien_2024\/thumbs\/thumbs_IMG-20241220-WA0019.jpg\"\n               data-image-id=\"9045\"\n               data-title=\"IMG-20241220-WA0019\"\n               data-description=\"\"\n               data-image-slug=\"img-20241220-wa0019\"\n               class=\"ngg-simplelightbox\" rel=\"df5bb18fdd610d10bded7b0e7b0cee01\">\n                <img\n                    title=\"IMG-20241220-WA0019\"\n                    alt=\"IMG-20241220-WA0019\"\n                    src=\"https:\/\/spbuk.pl\/wp-content\/gallery\/szkolne_jaselka_grudzien_2024\/thumbs\/thumbs_IMG-20241220-WA0019.jpg\"\n                    width=\"240\"\n                    height=\"160\"\n                    style=\"max-width:100%;\"\n                \/>\n            <\/a>\n        <\/div>\n\t\t\t\t\t\t\t<\/div> \n\t\t\t\n\t\t\t\t<div id=\"ngg-image-1\" class=\"ngg-gallery-thumbnail-box \" >\n\t\t\t\t        <div class=\"ngg-gallery-thumbnail\">\n            <a href=\"https:\/\/spbuk.pl\/wp-content\/gallery\/szkolne_jaselka_grudzien_2024\/IMG-20241220-WA0010.jpg\"\n               title=\"\"\n               data-src=\"https:\/\/spbuk.pl\/wp-content\/gallery\/szkolne_jaselka_grudzien_2024\/IMG-20241220-WA0010.jpg\"\n               data-thumbnail=\"https:\/\/spbuk.pl\/wp-content\/gallery\/szkolne_jaselka_grudzien_2024\/thumbs\/thumbs_IMG-20241220-WA0010.jpg\"\n               data-image-id=\"9046\"\n               data-title=\"IMG-20241220-WA0010\"\n               data-description=\"\"\n               data-image-slug=\"img-20241220-wa0010\"\n               class=\"ngg-simplelightbox\" rel=\"df5bb18fdd610d10bded7b0e7b0cee01\">\n                <img\n                    title=\"IMG-20241220-WA0010\"\n                    alt=\"IMG-20241220-WA0010\"\n                    src=\"https:\/\/spbuk.pl\/wp-content\/gallery\/szkolne_jaselka_grudzien_2024\/thumbs\/thumbs_IMG-20241220-WA0010.jpg\"\n                    width=\"240\"\n                    height=\"160\"\n                    style=\"max-width:100%;\"\n                \/>\n            <\/a>\n        <\/div>\n\t\t\t\t\t\t\t<\/div> \n\t\t\t\n\t\t\t\t<div id=\"ngg-image-2\" class=\"ngg-gallery-thumbnail-box \" >\n\t\t\t\t        <div class=\"ngg-gallery-thumbnail\">\n            <a href=\"https:\/\/spbuk.pl\/wp-content\/gallery\/szkolne_jaselka_grudzien_2024\/IMG-20241220-WA0013-1.jpg\"\n               title=\"\"\n               data-src=\"https:\/\/spbuk.pl\/wp-content\/gallery\/szkolne_jaselka_grudzien_2024\/IMG-20241220-WA0013-1.jpg\"\n               data-thumbnail=\"https:\/\/spbuk.pl\/wp-content\/gallery\/szkolne_jaselka_grudzien_2024\/thumbs\/thumbs_IMG-20241220-WA0013-1.jpg\"\n               data-image-id=\"9047\"\n               data-title=\"IMG-20241220-WA0013-1\"\n               data-description=\"\"\n               data-image-slug=\"img-20241220-wa0013-1\"\n               class=\"ngg-simplelightbox\" rel=\"df5bb18fdd610d10bded7b0e7b0cee01\">\n                <img\n                    title=\"IMG-20241220-WA0013-1\"\n                    alt=\"IMG-20241220-WA0013-1\"\n                    src=\"https:\/\/spbuk.pl\/wp-content\/gallery\/szkolne_jaselka_grudzien_2024\/thumbs\/thumbs_IMG-20241220-WA0013-1.jpg\"\n                    width=\"240\"\n                    height=\"160\"\n                    style=\"max-width:100%;\"\n                \/>\n            <\/a>\n        <\/div>\n\t\t\t\t\t\t\t<\/div> \n\t\t\t\n\t\t\t\t<div id=\"ngg-image-3\" class=\"ngg-gallery-thumbnail-box \" >\n\t\t\t\t        <div class=\"ngg-gallery-thumbnail\">\n            <a href=\"https:\/\/spbuk.pl\/wp-content\/gallery\/szkolne_jaselka_grudzien_2024\/IMG-20241220-WA0045.jpg\"\n               title=\"\"\n               data-src=\"https:\/\/spbuk.pl\/wp-content\/gallery\/szkolne_jaselka_grudzien_2024\/IMG-20241220-WA0045.jpg\"\n               data-thumbnail=\"https:\/\/spbuk.pl\/wp-content\/gallery\/szkolne_jaselka_grudzien_2024\/thumbs\/thumbs_IMG-20241220-WA0045.jpg\"\n               data-image-id=\"9048\"\n               data-title=\"IMG-20241220-WA0045\"\n               data-description=\"\"\n               data-image-slug=\"img-20241220-wa0045\"\n               class=\"ngg-simplelightbox\" rel=\"df5bb18fdd610d10bded7b0e7b0cee01\">\n                <img\n                    title=\"IMG-20241220-WA0045\"\n                    alt=\"IMG-20241220-WA0045\"\n                    src=\"https:\/\/spbuk.pl\/wp-content\/gallery\/szkolne_jaselka_grudzien_2024\/thumbs\/thumbs_IMG-20241220-WA0045.jpg\"\n                    width=\"240\"\n                    height=\"160\"\n                    style=\"max-width:100%;\"\n                \/>\n            <\/a>\n        <\/div>\n\t\t\t\t\t\t\t<\/div> \n\t\t\t\n\t\t\t\t<div id=\"ngg-image-4\" class=\"ngg-gallery-thumbnail-box \" >\n\t\t\t\t        <div class=\"ngg-gallery-thumbnail\">\n            <a href=\"https:\/\/spbuk.pl\/wp-content\/gallery\/szkolne_jaselka_grudzien_2024\/IMG-20241220-WA0036.jpg\"\n               title=\"\"\n               data-src=\"https:\/\/spbuk.pl\/wp-content\/gallery\/szkolne_jaselka_grudzien_2024\/IMG-20241220-WA0036.jpg\"\n               data-thumbnail=\"https:\/\/spbuk.pl\/wp-content\/gallery\/szkolne_jaselka_grudzien_2024\/thumbs\/thumbs_IMG-20241220-WA0036.jpg\"\n               data-image-id=\"9049\"\n               data-title=\"IMG-20241220-WA0036\"\n               data-description=\"\"\n               data-image-slug=\"img-20241220-wa0036\"\n               class=\"ngg-simplelightbox\" rel=\"df5bb18fdd610d10bded7b0e7b0cee01\">\n                <img\n                    title=\"IMG-20241220-WA0036\"\n                    alt=\"IMG-20241220-WA0036\"\n                    src=\"https:\/\/spbuk.pl\/wp-content\/gallery\/szkolne_jaselka_grudzien_2024\/thumbs\/thumbs_IMG-20241220-WA0036.jpg\"\n                    width=\"240\"\n                    height=\"160\"\n                    style=\"max-width:100%;\"\n                \/>\n            <\/a>\n        <\/div>\n\t\t\t\t\t\t\t<\/div> \n\t\t\t\n\t\t\t\t<div id=\"ngg-image-5\" class=\"ngg-gallery-thumbnail-box \" >\n\t\t\t\t        <div class=\"ngg-gallery-thumbnail\">\n            <a href=\"https:\/\/spbuk.pl\/wp-content\/gallery\/szkolne_jaselka_grudzien_2024\/IMG-20241220-WA0015.jpg\"\n               title=\"\"\n               data-src=\"https:\/\/spbuk.pl\/wp-content\/gallery\/szkolne_jaselka_grudzien_2024\/IMG-20241220-WA0015.jpg\"\n               data-thumbnail=\"https:\/\/spbuk.pl\/wp-content\/gallery\/szkolne_jaselka_grudzien_2024\/thumbs\/thumbs_IMG-20241220-WA0015.jpg\"\n               data-image-id=\"9050\"\n               data-title=\"IMG-20241220-WA0015\"\n               data-description=\"\"\n               data-image-slug=\"img-20241220-wa0015\"\n               class=\"ngg-simplelightbox\" rel=\"df5bb18fdd610d10bded7b0e7b0cee01\">\n                <img\n                    title=\"IMG-20241220-WA0015\"\n                    alt=\"IMG-20241220-WA0015\"\n                    src=\"https:\/\/spbuk.pl\/wp-content\/gallery\/szkolne_jaselka_grudzien_2024\/thumbs\/thumbs_IMG-20241220-WA0015.jpg\"\n                    width=\"240\"\n                    height=\"160\"\n                    style=\"max-width:100%;\"\n                \/>\n            <\/a>\n        <\/div>\n\t\t\t\t\t\t\t<\/div> \n\t\t\t\n\t\t\t\t<div id=\"ngg-image-6\" class=\"ngg-gallery-thumbnail-box \" >\n\t\t\t\t        <div class=\"ngg-gallery-thumbnail\">\n            <a href=\"https:\/\/spbuk.pl\/wp-content\/gallery\/szkolne_jaselka_grudzien_2024\/IMG-20241220-WA0074.jpg\"\n               title=\"\"\n               data-src=\"https:\/\/spbuk.pl\/wp-content\/gallery\/szkolne_jaselka_grudzien_2024\/IMG-20241220-WA0074.jpg\"\n               data-thumbnail=\"https:\/\/spbuk.pl\/wp-content\/gallery\/szkolne_jaselka_grudzien_2024\/thumbs\/thumbs_IMG-20241220-WA0074.jpg\"\n               data-image-id=\"9051\"\n               data-title=\"IMG-20241220-WA0074\"\n               data-description=\"\"\n               data-image-slug=\"img-20241220-wa0074\"\n               class=\"ngg-simplelightbox\" rel=\"df5bb18fdd610d10bded7b0e7b0cee01\">\n                <img\n                    title=\"IMG-20241220-WA0074\"\n                    alt=\"IMG-20241220-WA0074\"\n                    src=\"https:\/\/spbuk.pl\/wp-content\/gallery\/szkolne_jaselka_grudzien_2024\/thumbs\/thumbs_IMG-20241220-WA0074.jpg\"\n                    width=\"240\"\n                    height=\"160\"\n                    style=\"max-width:100%;\"\n                \/>\n            <\/a>\n        <\/div>\n\t\t\t\t\t\t\t<\/div> \n\t\t\t\n\t\t\t\t<div id=\"ngg-image-7\" class=\"ngg-gallery-thumbnail-box \" >\n\t\t\t\t        <div class=\"ngg-gallery-thumbnail\">\n            <a href=\"https:\/\/spbuk.pl\/wp-content\/gallery\/szkolne_jaselka_grudzien_2024\/IMG-20241220-WA0077-2.jpg\"\n               title=\"\"\n               data-src=\"https:\/\/spbuk.pl\/wp-content\/gallery\/szkolne_jaselka_grudzien_2024\/IMG-20241220-WA0077-2.jpg\"\n               data-thumbnail=\"https:\/\/spbuk.pl\/wp-content\/gallery\/szkolne_jaselka_grudzien_2024\/thumbs\/thumbs_IMG-20241220-WA0077-2.jpg\"\n               data-image-id=\"9052\"\n               data-title=\"IMG-20241220-WA0077-2\"\n               data-description=\"\"\n               data-image-slug=\"img-20241220-wa0077-2\"\n               class=\"ngg-simplelightbox\" rel=\"df5bb18fdd610d10bded7b0e7b0cee01\">\n                <img\n                    title=\"IMG-20241220-WA0077-2\"\n                    alt=\"IMG-20241220-WA0077-2\"\n                    src=\"https:\/\/spbuk.pl\/wp-content\/gallery\/szkolne_jaselka_grudzien_2024\/thumbs\/thumbs_IMG-20241220-WA0077-2.jpg\"\n                    width=\"240\"\n                    height=\"160\"\n                    style=\"max-width:100%;\"\n                \/>\n            <\/a>\n        <\/div>\n\t\t\t\t\t\t\t<\/div> \n\t\t\t\n\t\t\t\t<div id=\"ngg-image-8\" class=\"ngg-gallery-thumbnail-box \" >\n\t\t\t\t        <div class=\"ngg-gallery-thumbnail\">\n            <a href=\"https:\/\/spbuk.pl\/wp-content\/gallery\/szkolne_jaselka_grudzien_2024\/Resized_20241220_095702_1734710817238.jpeg\"\n               title=\"\"\n               data-src=\"https:\/\/spbuk.pl\/wp-content\/gallery\/szkolne_jaselka_grudzien_2024\/Resized_20241220_095702_1734710817238.jpeg\"\n               data-thumbnail=\"https:\/\/spbuk.pl\/wp-content\/gallery\/szkolne_jaselka_grudzien_2024\/thumbs\/thumbs_Resized_20241220_095702_1734710817238.jpeg\"\n               data-image-id=\"9053\"\n               data-title=\"Resized_20241220_095702_1734710817238\"\n               data-description=\"\"\n               data-image-slug=\"resized_20241220_095702_1734710817238\"\n               class=\"ngg-simplelightbox\" rel=\"df5bb18fdd610d10bded7b0e7b0cee01\">\n                <img\n                    title=\"Resized_20241220_095702_1734710817238\"\n                    alt=\"Resized_20241220_095702_1734710817238\"\n                    src=\"https:\/\/spbuk.pl\/wp-content\/gallery\/szkolne_jaselka_grudzien_2024\/thumbs\/thumbs_Resized_20241220_095702_1734710817238.jpeg\"\n                    width=\"240\"\n                    height=\"160\"\n                    style=\"max-width:100%;\"\n                \/>\n            <\/a>\n        <\/div>\n\t\t\t\t\t\t\t<\/div> \n\t\t\t\n\t\n\t<br style=\"clear: both\" \/>\n\n\t\n\t\t<!-- Pagination -->\n\t<div class='ngg-clear'><\/div>\t<\/div>\n\n","protected":false},"excerpt":{"rendered":"<p>W ramach szkolnego projektu \u201eEuropa da si\u0119 lubi\u0107\u201d uczniowie klas 2c i 2e wraz&nbsp; z uczennicami Szkolnego Ko\u0142a Caritas przygotowali przedstawienie \u201eJase\u0142ka wsp\u00f3\u0142cze\u015bnie i nie tylko\u201d. Uczniowie swoje zaanga\u017cowanie i zdolno\u015bci aktorskie zaprezentowali najpierw swoim rodzicom, kt\u00f3rzy nie kryli swojego wzruszenia i uznania dla ma\u0142ych artyst\u00f3w. Kolejne wyst\u0119py oraz wprowadzenie [&hellip;]<\/p>\n","protected":false},"author":3,"featured_media":31772,"comment_status":"open","ping_status":"open","sticky":false,"template":"","format":"standard","meta":{"ngg_post_thumbnail":0,"footnotes":""},"categories":[23,109],"tags":[],"class_list":["post-31968","post","type-post","status-publish","format-standard","has-post-thumbnail","hentry","category-aktualnosci","category-inne"],"_links":{"self":[{"href":"https:\/\/spbuk.pl\/index.php?rest_route=\/wp\/v2\/posts\/31968","targetHints":{"allow":["GET"]}}],"collection":[{"href":"https:\/\/spbuk.pl\/index.php?rest_route=\/wp\/v2\/posts"}],"about":[{"href":"https:\/\/spbuk.pl\/index.php?rest_route=\/wp\/v2\/types\/post"}],"author":[{"embeddable":true,"href":"https:\/\/spbuk.pl\/index.php?rest_route=\/wp\/v2\/users\/3"}],"replies":[{"embeddable":true,"href":"https:\/\/spbuk.pl\/index.php?rest_route=%2Fwp%2Fv2%2Fcomments&post=31968"}],"version-history":[{"count":1,"href":"https:\/\/spbuk.pl\/index.php?rest_route=\/wp\/v2\/posts\/31968\/revisions"}],"predecessor-version":[{"id":31979,"href":"https:\/\/spbuk.pl\/index.php?rest_route=\/wp\/v2\/posts\/31968\/revisions\/31979"}],"wp:featuredmedia":[{"embeddable":true,"href":"https:\/\/spbuk.pl\/index.php?rest_route=\/wp\/v2\/media\/31772"}],"wp:attachment":[{"href":"https:\/\/spbuk.pl\/index.php?rest_route=%2Fwp%2Fv2%2Fmedia&parent=31968"}],"wp:term":[{"taxonomy":"category","embeddable":true,"href":"https:\/\/spbuk.pl\/index.php?rest_route=%2Fwp%2Fv2%2Fcategories&post=31968"},{"taxonomy":"post_tag","embeddable":true,"href":"https:\/\/spbuk.pl\/index.php?rest_route=%2Fwp%2Fv2%2Ftags&post=31968"}],"curies":[{"name":"wp","href":"https:\/\/api.w.org\/{rel}","templated":true}]}}