{"id":12742,"date":"2021-01-25T00:16:30","date_gmt":"2021-01-24T23:16:30","guid":{"rendered":"http:\/\/spbuk.pl\/?p=12742"},"modified":"2025-02-05T22:59:51","modified_gmt":"2025-02-05T21:59:51","slug":"rekrutacja-na-rok-szkolny-2021-22","status":"publish","type":"post","link":"https:\/\/spbuk.pl\/?p=12742","title":{"rendered":"Rekrutacja na rok szkolny 2021\/22"},"content":{"rendered":"<p><a href=\"https:\/\/spbuk.pl\/wp-content\/uploads\/2021\/03\/protokol-nr-2-na-strone-www.pdf\">Protok\u00f3\u0142 nr 2 z posiedzenia Komisji Rekrutacyjnej z dnia 26 marca 2021r.<\/a><\/p>\n<p><a href=\"https:\/\/spbuk.pl\/wp-content\/uploads\/2021\/03\/SKM_C22721031913430-1.pdf\">Protok\u00f3\u0142 nr 1 z posiedzenia Komisji Rekrutacyjnej z dnia 18 marca 2021r.<\/a><\/p>\n<p><a href=\"https:\/\/spbuk.pl\/wp-content\/uploads\/2021\/03\/komunikat.pdf\">Komunikat Dyrektora Szko\u0142y Podstawowej im. Bohater\u00f3w Bukowskich w Buku z dnia 4 marca 2021r. w sprawie rekrutacji<\/a><\/p>\n<p>&nbsp;<\/p>\n<p>&nbsp;<\/p>\n<p style=\"text-align: center;\">REKRUTACJA DO KLASY 1<\/p>\n<p style=\"text-align: center;\">SZKO\u0141Y PODSTAWOWEJ W BUKU<\/p>\n<p style=\"text-align: center;\">na rok szkolny 2021\/22<\/p>\n<p style=\"text-align: center;\">Dyrektor Szko\u0142y Podstawowej im. Bohater\u00f3w Bukowskich w Buku informuje,<br \/>\n\u017ce zgodnie z Zarz\u0105dzeniem nr 2\/2021 Burmistrza Miasta i Gminy Buk<br \/>\nz dnia 5 stycznia 2021r. w post\u0119powaniu rekrutacyjnym do klasy 1 obowi\u0105zuj\u0105 nast\u0119puj\u0105ce terminy:<\/p>\n<p>&nbsp;<\/p>\n<ul>\n<li><strong>sk\u0142adanie zg\u0142osze\u0144 do klasy pierwszej<\/strong> szko\u0142y podstawowej (dotyczy kandydat\u00f3w zamieszka\u0142ych <strong>w obwodzie szko\u0142y<\/strong>) \u2013 termin:<br \/>\nod dnia <strong><u>22 do 26 lutego 2021r.<\/u><\/strong><u> <strong>w godz. 7.00-15.00<\/strong><\/u> <strong>(zg\u0142oszenia sk\u0142adamy w budynku przy ul. Szarych Szereg\u00f3w 8 w portierni).<\/strong><\/li>\n<li>sk\u0142adanie <strong>wniosk\u00f3w o przyj\u0119cie do szko\u0142y podstawowej <\/strong>(dotyczy kandydat\u00f3w zamieszka\u0142ych <strong>poza obwodem szko\u0142y<\/strong>) wraz z dokumentami potwierdzaj\u0105cymi spe\u0142nienie przez kandydata warunk\u00f3w lub kryteri\u00f3w branych pod uwag\u0119 w post\u0119powaniu rekrutacyjnym \u2013 termin: od dnia<br \/>\n<strong><u>8 do 12 marca 2021r. w godz. 7.00-15.00<\/u><\/strong> <strong>(zg\u0142oszenia sk\u0142adamy w budynku przy ul. Szarych Szereg\u00f3w 8 w portierni). <\/strong><\/li>\n<li><strong>podanie do publicznej wiadomo\u015bci<\/strong> przez komisj\u0119 rekrutacyjn\u0105 <strong>listy kandydat\u00f3w zakwalifikowanych i kandydat\u00f3w niezakwalifikowanych \u2013 termin: <\/strong><strong><u>19 marca 2021r.<\/u><\/strong><\/li>\n<li><strong>uzupe\u0142nienie dokument\u00f3w<\/strong> przez rodzic\u00f3w dzieci niezakwalifikowanych \u2013 termin: <strong><u>od dnia 22 do 25 marca 2021r.<\/u><\/strong><\/li>\n<li><strong>podanie do publicznej wiadomo\u015bci<\/strong> przez komisj\u0119 rekrutacyjn\u0105 <strong>listy kandydat\u00f3w przyj\u0119tych i kandydat\u00f3w nieprzyj\u0119tych \u2013 termin:<br \/>\n<\/strong><strong><u>29 marca 2021r.<\/u><\/strong><\/li>\n<\/ul>\n<p><strong>\u00a0Do pobrania:<\/strong><\/p>\n<p><a href=\"https:\/\/spbuk.pl\/wp-content\/uploads\/rekrutacja-na-rok-szkolny-2021-22\/Rekrutacja-do-SP-Zg\u0142oszenie-do-kl.-I-szko\u0142y-rejonowej-2021-2022.pdf\">Zg\u0142oszenie do kl. I szko\u0142y rejonowej 2021-2022 &#8211; dla kadydat\u00f3w zamieszkuj\u0105cych w obwodzie szko\u0142y<\/a><\/p>\n<p><a href=\"https:\/\/spbuk.pl\/wp-content\/uploads\/rekrutacja-na-rok-szkolny-2021-22\/Rekrutacja-do-SP-Wniosek-o-przyj\u0119cie-do-Szko\u0142y-2021-2022.pdf\">Wniosek o przyj\u0119cie do szko\u0142y 2021-2022 &#8211; dla kandydat\u00f3w zamieszkuj\u0105cych poza obwodem szko\u0142y<\/a><\/p>\n<p><a href=\"https:\/\/spbuk.pl\/wp-content\/uploads\/rekrutacja-na-rok-szkolny-2021-22\/o\u015bwiadczenie_o_rodze\u0144stwie_kandydata_za\u0142_do_wniosku.pdf\">O\u015bwiadczenie_o_rodze\u0144stwie_kandydata &#8211; za\u0142\u0105cznik_do_wniosku<\/a><\/p>\n<p><a href=\"https:\/\/spbuk.pl\/wp-content\/uploads\/rekrutacja-na-rok-szkolny-2021-22\/o\u015bwiadczenie_o_wielodzietno\u015bci_za\u0142_do_wniosku.pdf\">O\u015bwiadczenie_o_wielodzietno\u015bci &#8211; za\u0142\u0105cznik_do_wniosku<\/a><\/p>\n<p><a href=\"https:\/\/spbuk.pl\/wp-content\/uploads\/rekrutacja-na-rok-szkolny-2021-22\/obowi\u0105zek-informacyjny-nowy-na-stron\u0119.pdf\">Klauzula informacyjna dotycz\u0105ca przetwarzania danych osobowych<\/a><\/p>\n","protected":false},"excerpt":{"rendered":"<p>Protok\u00f3\u0142 nr 2 z posiedzenia Komisji Rekrutacyjnej z dnia 26 marca 2021r. Protok\u00f3\u0142 nr 1 z posiedzenia Komisji Rekrutacyjnej z dnia 18 marca 2021r. Komunikat Dyrektora Szko\u0142y Podstawowej im. Bohater\u00f3w Bukowskich w Buku z dnia 4 marca 2021r. w sprawie rekrutacji &nbsp; &nbsp; REKRUTACJA DO KLASY 1 SZKO\u0141Y PODSTAWOWEJ W [&hellip;]<\/p>\n","protected":false},"author":3,"featured_media":0,"comment_status":"open","ping_status":"open","sticky":false,"template":"","format":"standard","meta":{"ngg_post_thumbnail":0,"footnotes":""},"categories":[23,127],"tags":[],"class_list":["post-12742","post","type-post","status-publish","format-standard","hentry","category-aktualnosci","category-rekrutacja-do-klasy-pierwszej"],"_links":{"self":[{"href":"https:\/\/spbuk.pl\/index.php?rest_route=\/wp\/v2\/posts\/12742","targetHints":{"allow":["GET"]}}],"collection":[{"href":"https:\/\/spbuk.pl\/index.php?rest_route=\/wp\/v2\/posts"}],"about":[{"href":"https:\/\/spbuk.pl\/index.php?rest_route=\/wp\/v2\/types\/post"}],"author":[{"embeddable":true,"href":"https:\/\/spbuk.pl\/index.php?rest_route=\/wp\/v2\/users\/3"}],"replies":[{"embeddable":true,"href":"https:\/\/spbuk.pl\/index.php?rest_route=%2Fwp%2Fv2%2Fcomments&post=12742"}],"version-history":[{"count":1,"href":"https:\/\/spbuk.pl\/index.php?rest_route=\/wp\/v2\/posts\/12742\/revisions"}],"predecessor-version":[{"id":12743,"href":"https:\/\/spbuk.pl\/index.php?rest_route=\/wp\/v2\/posts\/12742\/revisions\/12743"}],"wp:attachment":[{"href":"https:\/\/spbuk.pl\/index.php?rest_route=%2Fwp%2Fv2%2Fmedia&parent=12742"}],"wp:term":[{"taxonomy":"category","embeddable":true,"href":"https:\/\/spbuk.pl\/index.php?rest_route=%2Fwp%2Fv2%2Fcategories&post=12742"},{"taxonomy":"post_tag","embeddable":true,"href":"https:\/\/spbuk.pl\/index.php?rest_route=%2Fwp%2Fv2%2Ftags&post=12742"}],"curies":[{"name":"wp","href":"https:\/\/api.w.org\/{rel}","templated":true}]}}