{"id":12739,"date":"2021-02-15T00:14:36","date_gmt":"2021-02-14T23:14:36","guid":{"rendered":"http:\/\/spbuk.pl\/?p=12739"},"modified":"2025-11-01T00:44:04","modified_gmt":"2025-10-31T23:44:04","slug":"rekrutacja-na-rok-szkolny-2020-21","status":"publish","type":"post","link":"https:\/\/spbuk.pl\/?p=12739","title":{"rendered":"Rekrutacja na rok szkolny 2020\/21"},"content":{"rendered":"<p><a href=\"https:\/\/spbuk.pl\/wp-content\/uploads\/rekrutacja-na-rok-szkolny-201718\/protok\u00f3\u0142-nr-2_2020-na-www.pdf\">Protok\u00f3\u0142 nr 2 Komisji Rekrutacyjnej wraz z list\u0105 kandydat\u00f3w przyj\u0119tych.<\/a><\/p>\n<p><a href=\"https:\/\/spbuk.pl\/wp-content\/uploads\/rekrutacja-na-rok-szkolny-201718\/protok\u00f3\u0142-n1_20-na-www.pdf\">Protok\u00f3\u0142 nr 1 Komisji Rekrutacyjnej wraz z list\u0105 kandydat\u00f3w zakwalifikowanych.<\/a><\/p>\n<p>Komunikat dyrektora szko\u0142y o braku wolnych miejsc.<\/p>\n<p>Do pobrania:&nbsp;<a href=\"https:\/\/spbuk.pl\/wp-content\/uploads\/rekrutacja-na-rok-szkolny-201718\/komunikat.pdf\">komunikat<\/a><\/p>\n<p style=\"text-align: center;\">REKRUTACJA DO KLASY 1<\/p>\n<p style=\"text-align: center;\">SZKO\u0141Y PODSTAWOWEJ W BUKU<\/p>\n<p style=\"text-align: center;\">na rok szkolny 2020\/21<\/p>\n<p>Dyrektor Szko\u0142y Podstawowej im. Bohater\u00f3w Bukowskich w Buku informuje, \u017ce zgodnie z Zarz\u0105dzeniem Burmistrza Miasta i Gminy Buk nr 4\/2020&nbsp;w post\u0119powaniu rekrutacyjnym do klasy 1 obowi\u0105zuj\u0105 nast\u0119puj\u0105ce terminy:<\/p>\n<ul>\n<li><strong>sk\u0142adanie zg\u0142osze\u0144 do klasy pierwszej<\/strong> szko\u0142y podstawowej (dotyczy kandydat\u00f3w zamieszka\u0142ych <strong>w obwodzie szko\u0142y<\/strong>) \u2013 termin: od dnia<strong> 3 do 7 lutego 2020r.<\/strong> <strong>w godz. 7.00-15.00 (sekretariat przy Szkolnej 12).<\/strong><\/li>\n<li>sk\u0142adanie <strong>wniosk\u00f3w o przyj\u0119cie do szko\u0142y podstawowej <\/strong>(dotyczy kandydat\u00f3w zamieszka\u0142ych <strong>poza obwodem szko\u0142y<\/strong>) wraz z dokumentami potwierdzaj\u0105cymi spe\u0142nienie przez kandydata warunk\u00f3w lub kryteri\u00f3w branych pod uwag\u0119 w post\u0119powaniu rekrutacyjnym \u2013 termin: od dnia <strong>10 do 14 lutego 2020r. w godz. 7.00-15.00 (sekretariat przy ul. Szkolnej 12).<\/strong><\/li>\n<li><strong>podanie do publicznej wiadomo\u015bci<\/strong> przez komisj\u0119 rekrutacyjn\u0105 <strong>listy kandydat\u00f3w zakwalifikowanych i kandydat\u00f3w niezakwalifikowanych \u2013 termin: 24 lutego 2020r.<\/strong><\/li>\n<li><strong>uzupe\u0142nienie dokument\u00f3w<\/strong> przez rodzic\u00f3w dzieci niezakwalifikowanych \u2013 termin: <strong>od dnia 25 do 28 lutego 2020r.<\/strong><\/li>\n<li><strong>podanie do publicznej wiadomo\u015bci<\/strong> przez komisj\u0119 rekrutacyjn\u0105 <strong>listy kandydat\u00f3w przyj\u0119tych i kandydat\u00f3w nieprzyj\u0119tych \u2013 termin: 2 marca 2020r.<\/strong><\/li>\n<\/ul>\n<p><strong>&nbsp;<\/strong><strong>Formularz zg\u0142oszenia i formularz wniosku z za\u0142\u0105cznikami dost\u0119pne s\u0105 w sekretariacie szko\u0142y przy ul. Szkolnej 12, w przedszkolach oraz na stronie internetowej szko\u0142y.<\/strong><\/p>\n<p>DO POBRANIA:<\/p>\n<p><a href=\"https:\/\/spbuk.pl\/wp-content\/uploads\/rekrutacja-na-rok-szkolny-201718\/Zg\u0142oszenie-do-kl.-I-szko\u0142y-rejonowej-2020-2021.pdf\">Zg\u0142oszenie do kl. I szko\u0142y rejonowej 2020-2021 &#8211; dla kandydat\u00f3w zamieszkuj\u0105cych w obwodzie<\/a><\/p>\n<p><a href=\"https:\/\/spbuk.pl\/wp-content\/uploads\/rekrutacja-na-rok-szkolny-201718\/Wniosek-o-przyj\u0119cie-do-Szko\u0142y-2020-2021.pdf\">Wniosek o przyj\u0119cie do Szko\u0142y 2020-2021 &#8211; dla kandydat\u00f3w spoza obwodu<\/a><\/p>\n<p><a href=\"https:\/\/spbuk.pl\/wp-content\/uploads\/rekrutacja-na-rok-szkolny-201718\/O\u015bwiadczenie-o-samotnym-wychowywaniu-kandydata.pdf\">O\u015bwiadczenie o samotnym wychowywaniu kandydata &#8211; za\u0142\u0105cznik do wniosku<\/a><\/p>\n<p><a href=\"https:\/\/spbuk.pl\/wp-content\/uploads\/rekrutacja-na-rok-szkolny-201718\/O\u015bwiadczenie-o-wielodzietno\u015bci-rodziny-1.pdf\">O\u015bwiadczenie o wielodzietno\u015bci rodziny &#8211; za\u0142\u0105cznik do wniosku<\/a><\/p>\n<p><a href=\"https:\/\/spbuk.pl\/wp-content\/uploads\/rekrutacja-na-rok-szkolny-201718\/obowi\u0105zek-informacyjny-nowy-na-stron\u0119.pdf\">Klauzula informacyjna dotycz\u0105ca przetwarzania danych<\/a><\/p>\n","protected":false},"excerpt":{"rendered":"<p>Protok\u00f3\u0142 nr 2 Komisji Rekrutacyjnej wraz z list\u0105 kandydat\u00f3w przyj\u0119tych. Protok\u00f3\u0142 nr 1 Komisji Rekrutacyjnej wraz z list\u0105 kandydat\u00f3w zakwalifikowanych. Komunikat dyrektora szko\u0142y o braku wolnych miejsc. Do pobrania:&nbsp;komunikat REKRUTACJA DO KLASY 1 SZKO\u0141Y PODSTAWOWEJ W BUKU na rok szkolny 2020\/21 Dyrektor Szko\u0142y Podstawowej im. Bohater\u00f3w Bukowskich w Buku informuje, [&hellip;]<\/p>\n","protected":false},"author":3,"featured_media":0,"comment_status":"open","ping_status":"open","sticky":false,"template":"","format":"standard","meta":{"ngg_post_thumbnail":0,"footnotes":""},"categories":[23,127],"tags":[],"class_list":["post-12739","post","type-post","status-publish","format-standard","hentry","category-aktualnosci","category-rekrutacja-do-klasy-pierwszej"],"_links":{"self":[{"href":"https:\/\/spbuk.pl\/index.php?rest_route=\/wp\/v2\/posts\/12739","targetHints":{"allow":["GET"]}}],"collection":[{"href":"https:\/\/spbuk.pl\/index.php?rest_route=\/wp\/v2\/posts"}],"about":[{"href":"https:\/\/spbuk.pl\/index.php?rest_route=\/wp\/v2\/types\/post"}],"author":[{"embeddable":true,"href":"https:\/\/spbuk.pl\/index.php?rest_route=\/wp\/v2\/users\/3"}],"replies":[{"embeddable":true,"href":"https:\/\/spbuk.pl\/index.php?rest_route=%2Fwp%2Fv2%2Fcomments&post=12739"}],"version-history":[{"count":2,"href":"https:\/\/spbuk.pl\/index.php?rest_route=\/wp\/v2\/posts\/12739\/revisions"}],"predecessor-version":[{"id":39734,"href":"https:\/\/spbuk.pl\/index.php?rest_route=\/wp\/v2\/posts\/12739\/revisions\/39734"}],"wp:attachment":[{"href":"https:\/\/spbuk.pl\/index.php?rest_route=%2Fwp%2Fv2%2Fmedia&parent=12739"}],"wp:term":[{"taxonomy":"category","embeddable":true,"href":"https:\/\/spbuk.pl\/index.php?rest_route=%2Fwp%2Fv2%2Fcategories&post=12739"},{"taxonomy":"post_tag","embeddable":true,"href":"https:\/\/spbuk.pl\/index.php?rest_route=%2Fwp%2Fv2%2Ftags&post=12739"}],"curies":[{"name":"wp","href":"https:\/\/api.w.org\/{rel}","templated":true}]}}