{"id":12215,"date":"2020-09-30T15:35:05","date_gmt":"2020-09-30T13:35:05","guid":{"rendered":"http:\/\/spbuk.pl\/?p=12215"},"modified":"2021-10-03T15:38:14","modified_gmt":"2021-10-03T13:38:14","slug":"dni-wolne-od-zajec-dydaktyczno-wychowawczych","status":"publish","type":"post","link":"https:\/\/spbuk.pl\/?p=12215","title":{"rendered":"Dni wolne od zaj\u0119\u0107 dydaktyczno-wychowawczych"},"content":{"rendered":"<p><a href=\"https:\/\/spbuk.pl\/wp-content\/uploads\/vademecum-rodzica\/dni-wolne-od-zajec\/zarz%C4%85dzenie-dni-wolne.pdf\">Zarz\u0105dzenie Dyrektora w sprawie ustalenia dni dodatkowo wolnych od zaj\u0119\u0107 dydaktyczno-wychowawczych w roku szkolnym 2020\/21<\/a><\/p>\n","protected":false},"excerpt":{"rendered":"<p>Zarz\u0105dzenie Dyrektora w sprawie ustalenia dni dodatkowo wolnych od zaj\u0119\u0107 dydaktyczno-wychowawczych w roku szkolnym 2020\/21<\/p>\n","protected":false},"author":3,"featured_media":0,"comment_status":"open","ping_status":"open","sticky":false,"template":"","format":"standard","meta":{"ngg_post_thumbnail":0,"footnotes":""},"categories":[23,69],"tags":[],"class_list":["post-12215","post","type-post","status-publish","format-standard","hentry","category-aktualnosci","category-dni-wolne-od-zajec"],"_links":{"self":[{"href":"https:\/\/spbuk.pl\/index.php?rest_route=\/wp\/v2\/posts\/12215","targetHints":{"allow":["GET"]}}],"collection":[{"href":"https:\/\/spbuk.pl\/index.php?rest_route=\/wp\/v2\/posts"}],"about":[{"href":"https:\/\/spbuk.pl\/index.php?rest_route=\/wp\/v2\/types\/post"}],"author":[{"embeddable":true,"href":"https:\/\/spbuk.pl\/index.php?rest_route=\/wp\/v2\/users\/3"}],"replies":[{"embeddable":true,"href":"https:\/\/spbuk.pl\/index.php?rest_route=%2Fwp%2Fv2%2Fcomments&post=12215"}],"version-history":[{"count":1,"href":"https:\/\/spbuk.pl\/index.php?rest_route=\/wp\/v2\/posts\/12215\/revisions"}],"predecessor-version":[{"id":12216,"href":"https:\/\/spbuk.pl\/index.php?rest_route=\/wp\/v2\/posts\/12215\/revisions\/12216"}],"wp:attachment":[{"href":"https:\/\/spbuk.pl\/index.php?rest_route=%2Fwp%2Fv2%2Fmedia&parent=12215"}],"wp:term":[{"taxonomy":"category","embeddable":true,"href":"https:\/\/spbuk.pl\/index.php?rest_route=%2Fwp%2Fv2%2Fcategories&post=12215"},{"taxonomy":"post_tag","embeddable":true,"href":"https:\/\/spbuk.pl\/index.php?rest_route=%2Fwp%2Fv2%2Ftags&post=12215"}],"curies":[{"name":"wp","href":"https:\/\/api.w.org\/{rel}","templated":true}]}}